{"id":21880,"date":"2014-03-04T09:26:38","date_gmt":"2014-03-04T09:26:38","guid":{"rendered":"http:\/\/blogcompraventaempresas.wordpress.com\/?p=432"},"modified":"2021-02-15T17:59:46","modified_gmt":"2021-02-15T16:59:46","slug":"latam-y-europa-refuerzan-su-alianza-via-adquisiciones","status":"publish","type":"post","link":"https:\/\/www.onetoonecf.com\/es\/latam-y-europa-refuerzan-su-alianza-via-adquisiciones\/","title":{"rendered":"LATAM y Europa refuerzan su alianza v\u00eda adquisiciones"},"content":{"rendered":"<p><!--:es--><\/p>\n<p>La actividad en el mercado transaccional de Latinoam\u00e9rica durante el mes de enero no se ha diferenciado de la tendencia que ha seguido el mercado en <a title=\"Aumenta el volumen de inversi\u00f3n durante enero en\u00a0Espa\u00f1a\" href=\"https:\/\/www.onetoonecf.com\/es\/compraventa-empresas-servicios-fusiones\/\" target=\"_blank\" rel=\"noopener\">Espa\u00f1a<\/a>, <a title=\"El sector tecnol\u00f3gico protagonista del mercado de M&amp;A portugu\u00e9s en\u00a0enero\" href=\"https:\/\/www.onetoonecf.com\/es\/el-sector-tecnologico-protagonista-del-mercado-de-ma-portugues-en-enero\/\" target=\"_blank\" rel=\"noopener\">Portugal<\/a> o <a title=\"M&amp;A en M\u00e9xico aumenta un 23% en\u00a0enero\" href=\"https:\/\/www.onetoonecf.com\/es\/ma-en-mexico-aumenta-un-23-en-enero\/\" target=\"_blank\" rel=\"noopener\">M\u00e9xico<\/a>. El pasado mes se registraron en <strong>LATAM 118 operaciones frente a las 149 que se produjeron en el mismo periodo del 2013<\/strong>. Son datos ofrecidos por <a title=\"Transactional Track Record\" href=\"http:\/\/www.ttrecord.com\/es\/\" target=\"_blank\" rel=\"noopener\">Transactional \u00a0Track Record<\/a>, que destacan a Argentina por ser el segundo pa\u00eds m\u00e1s activo, con 19 operaciones. Por delante de \u00e9ste, solo se encuentra Brasil con 50.<\/p>\n<p>Pese a la ca\u00edda en el n\u00famero de transacciones, el volumen de inversi\u00f3n s\u00ed ha aumentado gracias al cierre de importantes operaciones que como la venta por parte de Repsol de Atlantic LNG, en Trinidad y Tobago y de Per\u00fa LNG a Shell por un importe de USD 4,100m.<\/p>\n<p><b>Operaciones cross border<\/b><\/p>\n<p>Dentro del estudio TTR revela como <strong>Latinoam\u00e9rica y Europa han reforzado sus relaciones con compras en ambos lados del Atl\u00e1ntico<\/strong>.\u00a0 Las empresas europeas han cerrado cerca de 22 adquisiciones de empresas en LATAM. Europa supera as\u00ed a Norteam\u00e9rica, comprador habitual en la zona y que durante enero solo realiz\u00f3 16 acuerdos.<\/p>\n<p>Las empresas de LATAM, por su parte, tambi\u00e9n han realizado compras en Europa. Un ejemplo es la empresa chilena CSAV, dedicada al transporte mar\u00edtimo de mercanc\u00edas, que ha acordado la adquisici\u00f3n de un 30% del accionariado de la alemana Hapag Lloyd, que opera en el mismo sector.<\/p>\n<p><b>Private Equity<\/b><\/p>\n<p>Si nos fijamos en la actividad de los private equity de la zona, el estudio de TTR revela que<strong> se han producido seis inversiones y un \u00e9xito<\/strong>. Entre estas transacciones destaca la realizada por Advent International Colombia que ha cerrado la compra del 50% de Alianza Fiducidiaria, compa\u00f1\u00eda colombiana dedicada a la prestaci\u00f3n de servicios financieros, a la tambi\u00e9n colombiana Compa\u00f1\u00eda DeLima.<\/p>\n<p>El \u00e1rea de<strong> venture capital ha sido m\u00e1s activo durante enero con un total de nueve inversiones<\/strong>. \u00a0TTR destaca la operaci\u00f3n de la plataforma online Oja.la, dedicada a prestar servicios educativos y de formaci\u00f3n, la cual ha realizado una segunda ronda de financiaci\u00f3n por valor de USD 500.000 que ha sido suscrita por los fondos mexicanos ALTA Ventures, Angel Ventures M\u00e9xico, Naranya Ventures y por el argentino NXTP Labs, adem\u00e1s de por business angels.<\/p>\n<p>Contacte con nuestras <a title=\"Oficinas ONEtoONE en LATAM\" href=\"http:\/\/www.onetoone.es\/donde-estamos.html\" target=\"_blank\" rel=\"noopener\">oficinas en LATAM<\/a> y obtenga m\u00e1s informaci\u00f3n sobre la actividad en M&amp;A en la zona.<\/p>\n<p><strong>Si te ha gustado este art\u00edculo&#8230;\u00a1Comp\u00e1rtelo!\u00a0<\/strong><\/p>\n<p><!--:--><!--:mx--><\/p>\n<p><!--:--><\/p>\n","protected":false},"excerpt":{"rendered":"<p>La actividad en el mercado transaccional de Latinoam\u00e9rica durante el mes de enero no se ha diferenciado de la tendencia que ha seguido el mercado en Espa\u00f1a, Portugal o M\u00e9xico. El pasado mes se registraron en LATAM 118 operaciones frente a las 149 que se produjeron en el mismo periodo del 2013. Son datos ofrecidos [&hellip;]<\/p>\n","protected":false},"author":4,"featured_media":3108,"comment_status":"open","ping_status":"open","sticky":false,"template":"","format":"standard","meta":{"_joinchat":[],"footnotes":""},"categories":[386],"tags":[],"class_list":["post-21880","post","type-post","status-publish","format-standard","has-post-thumbnail","hentry","category-estrategia-de-ma"],"yoast_head":"<!-- This site is optimized with the Yoast SEO plugin v27.5 - https:\/\/yoast.com\/product\/yoast-seo-wordpress\/ -->\n<title>LATAM y Europa refuerzan su alianza v\u00eda adquisiciones - ONEtoONE Corporate Finance<\/title>\n<meta name=\"robots\" content=\"index, follow, max-snippet:-1, max-image-preview:large, max-video-preview:-1\" \/>\n<link rel=\"canonical\" href=\"https:\/\/www.onetoonecf.com\/es\/latam-y-europa-refuerzan-su-alianza-via-adquisiciones\/\" \/>\n<meta property=\"og:locale\" content=\"es_ES\" \/>\n<meta property=\"og:type\" content=\"article\" \/>\n<meta property=\"og:title\" content=\"LATAM y Europa refuerzan su alianza v\u00eda adquisiciones - ONEtoONE Corporate Finance\" \/>\n<meta property=\"og:description\" content=\"La actividad en el mercado transaccional de Latinoam\u00e9rica durante el mes de enero no se ha diferenciado de la tendencia que ha seguido el mercado en Espa\u00f1a, Portugal o M\u00e9xico. El pasado mes se registraron en LATAM 118 operaciones frente a las 149 que se produjeron en el mismo periodo del 2013. Son datos ofrecidos [&hellip;]\" \/>\n<meta property=\"og:url\" content=\"https:\/\/www.onetoonecf.com\/es\/latam-y-europa-refuerzan-su-alianza-via-adquisiciones\/\" \/>\n<meta property=\"og:site_name\" content=\"ONEtoONE Corporate Finance\" \/>\n<meta property=\"article:published_time\" content=\"2014-03-04T09:26:38+00:00\" \/>\n<meta property=\"article:modified_time\" content=\"2021-02-15T16:59:46+00:00\" \/>\n<meta property=\"og:image\" content=\"https:\/\/www.onetoonecf.com\/wp-content\/uploads\/sites\/16\/2014\/03\/relations2.jpg\" \/>\n\t<meta property=\"og:image:width\" content=\"750\" \/>\n\t<meta property=\"og:image:height\" content=\"350\" \/>\n\t<meta property=\"og:image:type\" content=\"image\/jpeg\" \/>\n<meta name=\"author\" content=\"lauracatalan\" \/>\n<meta name=\"twitter:card\" content=\"summary_large_image\" \/>\n<meta name=\"twitter:label1\" content=\"Escrito por\" \/>\n\t<meta name=\"twitter:data1\" content=\"lauracatalan\" \/>\n\t<meta name=\"twitter:label2\" content=\"Tiempo de lectura\" \/>\n\t<meta name=\"twitter:data2\" content=\"2 minutos\" \/>\n<script type=\"application\/ld+json\" class=\"yoast-schema-graph\">{\"@context\":\"https:\\\/\\\/schema.org\",\"@graph\":[{\"@type\":\"Article\",\"@id\":\"https:\\\/\\\/www.onetoonecf.com\\\/es\\\/latam-y-europa-refuerzan-su-alianza-via-adquisiciones\\\/#article\",\"isPartOf\":{\"@id\":\"https:\\\/\\\/www.onetoonecf.com\\\/es\\\/latam-y-europa-refuerzan-su-alianza-via-adquisiciones\\\/\"},\"author\":{\"name\":\"lauracatalan\",\"@id\":\"https:\\\/\\\/www.onetoonecf.com\\\/es\\\/#\\\/schema\\\/person\\\/d9a76871c13ec2a7d5bf2e68e6a791d5\"},\"headline\":\"LATAM y Europa refuerzan su alianza v\u00eda adquisiciones\",\"datePublished\":\"2014-03-04T09:26:38+00:00\",\"dateModified\":\"2021-02-15T16:59:46+00:00\",\"mainEntityOfPage\":{\"@id\":\"https:\\\/\\\/www.onetoonecf.com\\\/es\\\/latam-y-europa-refuerzan-su-alianza-via-adquisiciones\\\/\"},\"wordCount\":427,\"commentCount\":0,\"image\":{\"@id\":\"https:\\\/\\\/www.onetoonecf.com\\\/es\\\/latam-y-europa-refuerzan-su-alianza-via-adquisiciones\\\/#primaryimage\"},\"thumbnailUrl\":\"https:\\\/\\\/www.onetoonecf.com\\\/wp-content\\\/uploads\\\/sites\\\/16\\\/2014\\\/03\\\/relations2.jpg\",\"articleSection\":[\"Estrategia de M&amp;A\"],\"inLanguage\":\"es\",\"potentialAction\":[{\"@type\":\"CommentAction\",\"name\":\"Comment\",\"target\":[\"https:\\\/\\\/www.onetoonecf.com\\\/es\\\/latam-y-europa-refuerzan-su-alianza-via-adquisiciones\\\/#respond\"]}]},{\"@type\":\"WebPage\",\"@id\":\"https:\\\/\\\/www.onetoonecf.com\\\/es\\\/latam-y-europa-refuerzan-su-alianza-via-adquisiciones\\\/\",\"url\":\"https:\\\/\\\/www.onetoonecf.com\\\/es\\\/latam-y-europa-refuerzan-su-alianza-via-adquisiciones\\\/\",\"name\":\"LATAM y Europa refuerzan su alianza v\u00eda adquisiciones - ONEtoONE Corporate Finance\",\"isPartOf\":{\"@id\":\"https:\\\/\\\/www.onetoonecf.com\\\/es\\\/#website\"},\"primaryImageOfPage\":{\"@id\":\"https:\\\/\\\/www.onetoonecf.com\\\/es\\\/latam-y-europa-refuerzan-su-alianza-via-adquisiciones\\\/#primaryimage\"},\"image\":{\"@id\":\"https:\\\/\\\/www.onetoonecf.com\\\/es\\\/latam-y-europa-refuerzan-su-alianza-via-adquisiciones\\\/#primaryimage\"},\"thumbnailUrl\":\"https:\\\/\\\/www.onetoonecf.com\\\/wp-content\\\/uploads\\\/sites\\\/16\\\/2014\\\/03\\\/relations2.jpg\",\"datePublished\":\"2014-03-04T09:26:38+00:00\",\"dateModified\":\"2021-02-15T16:59:46+00:00\",\"author\":{\"@id\":\"https:\\\/\\\/www.onetoonecf.com\\\/es\\\/#\\\/schema\\\/person\\\/d9a76871c13ec2a7d5bf2e68e6a791d5\"},\"breadcrumb\":{\"@id\":\"https:\\\/\\\/www.onetoonecf.com\\\/es\\\/latam-y-europa-refuerzan-su-alianza-via-adquisiciones\\\/#breadcrumb\"},\"inLanguage\":\"es\",\"potentialAction\":[{\"@type\":\"ReadAction\",\"target\":[\"https:\\\/\\\/www.onetoonecf.com\\\/es\\\/latam-y-europa-refuerzan-su-alianza-via-adquisiciones\\\/\"]}]},{\"@type\":\"ImageObject\",\"inLanguage\":\"es\",\"@id\":\"https:\\\/\\\/www.onetoonecf.com\\\/es\\\/latam-y-europa-refuerzan-su-alianza-via-adquisiciones\\\/#primaryimage\",\"url\":\"https:\\\/\\\/www.onetoonecf.com\\\/wp-content\\\/uploads\\\/sites\\\/16\\\/2014\\\/03\\\/relations2.jpg\",\"contentUrl\":\"https:\\\/\\\/www.onetoonecf.com\\\/wp-content\\\/uploads\\\/sites\\\/16\\\/2014\\\/03\\\/relations2.jpg\",\"width\":750,\"height\":350,\"caption\":\"Mergers & Acquisitions, Compraventa de empresas\"},{\"@type\":\"BreadcrumbList\",\"@id\":\"https:\\\/\\\/www.onetoonecf.com\\\/es\\\/latam-y-europa-refuerzan-su-alianza-via-adquisiciones\\\/#breadcrumb\",\"itemListElement\":[{\"@type\":\"ListItem\",\"position\":1,\"name\":\"Home\",\"item\":\"https:\\\/\\\/www.onetoonecf.com\\\/es\\\/new-home-2025\\\/\"},{\"@type\":\"ListItem\",\"position\":2,\"name\":\"LATAM y Europa refuerzan su alianza v\u00eda adquisiciones\"}]},{\"@type\":\"WebSite\",\"@id\":\"https:\\\/\\\/www.onetoonecf.com\\\/es\\\/#website\",\"url\":\"https:\\\/\\\/www.onetoonecf.com\\\/es\\\/\",\"name\":\"ONEtoONE Corporate Finance\",\"description\":\"\",\"potentialAction\":[{\"@type\":\"SearchAction\",\"target\":{\"@type\":\"EntryPoint\",\"urlTemplate\":\"https:\\\/\\\/www.onetoonecf.com\\\/es\\\/?s={search_term_string}\"},\"query-input\":{\"@type\":\"PropertyValueSpecification\",\"valueRequired\":true,\"valueName\":\"search_term_string\"}}],\"inLanguage\":\"es\"},{\"@type\":\"Person\",\"@id\":\"https:\\\/\\\/www.onetoonecf.com\\\/es\\\/#\\\/schema\\\/person\\\/d9a76871c13ec2a7d5bf2e68e6a791d5\",\"name\":\"lauracatalan\",\"image\":{\"@type\":\"ImageObject\",\"inLanguage\":\"es\",\"@id\":\"https:\\\/\\\/secure.gravatar.com\\\/avatar\\\/c6f5ebf33c4369be99a0649f6a301fabac071e72ea3646f45109a4b1dda1c3e5?s=96&d=mm&r=g\",\"url\":\"https:\\\/\\\/secure.gravatar.com\\\/avatar\\\/c6f5ebf33c4369be99a0649f6a301fabac071e72ea3646f45109a4b1dda1c3e5?s=96&d=mm&r=g\",\"contentUrl\":\"https:\\\/\\\/secure.gravatar.com\\\/avatar\\\/c6f5ebf33c4369be99a0649f6a301fabac071e72ea3646f45109a4b1dda1c3e5?s=96&d=mm&r=g\",\"caption\":\"lauracatalan\"},\"url\":\"https:\\\/\\\/www.onetoonecf.com\\\/es\\\/author\\\/lauracatalan\\\/\"}]}<\/script>\n<!-- \/ Yoast SEO plugin. -->","yoast_head_json":{"title":"LATAM y Europa refuerzan su alianza v\u00eda adquisiciones - ONEtoONE Corporate Finance","robots":{"index":"index","follow":"follow","max-snippet":"max-snippet:-1","max-image-preview":"max-image-preview:large","max-video-preview":"max-video-preview:-1"},"canonical":"https:\/\/www.onetoonecf.com\/es\/latam-y-europa-refuerzan-su-alianza-via-adquisiciones\/","og_locale":"es_ES","og_type":"article","og_title":"LATAM y Europa refuerzan su alianza v\u00eda adquisiciones - ONEtoONE Corporate Finance","og_description":"La actividad en el mercado transaccional de Latinoam\u00e9rica durante el mes de enero no se ha diferenciado de la tendencia que ha seguido el mercado en Espa\u00f1a, Portugal o M\u00e9xico. El pasado mes se registraron en LATAM 118 operaciones frente a las 149 que se produjeron en el mismo periodo del 2013. Son datos ofrecidos [&hellip;]","og_url":"https:\/\/www.onetoonecf.com\/es\/latam-y-europa-refuerzan-su-alianza-via-adquisiciones\/","og_site_name":"ONEtoONE Corporate Finance","article_published_time":"2014-03-04T09:26:38+00:00","article_modified_time":"2021-02-15T16:59:46+00:00","og_image":[{"width":750,"height":350,"url":"https:\/\/www.onetoonecf.com\/wp-content\/uploads\/sites\/16\/2014\/03\/relations2.jpg","type":"image\/jpeg"}],"author":"lauracatalan","twitter_card":"summary_large_image","twitter_misc":{"Escrito por":"lauracatalan","Tiempo de lectura":"2 minutos"},"schema":{"@context":"https:\/\/schema.org","@graph":[{"@type":"Article","@id":"https:\/\/www.onetoonecf.com\/es\/latam-y-europa-refuerzan-su-alianza-via-adquisiciones\/#article","isPartOf":{"@id":"https:\/\/www.onetoonecf.com\/es\/latam-y-europa-refuerzan-su-alianza-via-adquisiciones\/"},"author":{"name":"lauracatalan","@id":"https:\/\/www.onetoonecf.com\/es\/#\/schema\/person\/d9a76871c13ec2a7d5bf2e68e6a791d5"},"headline":"LATAM y Europa refuerzan su alianza v\u00eda adquisiciones","datePublished":"2014-03-04T09:26:38+00:00","dateModified":"2021-02-15T16:59:46+00:00","mainEntityOfPage":{"@id":"https:\/\/www.onetoonecf.com\/es\/latam-y-europa-refuerzan-su-alianza-via-adquisiciones\/"},"wordCount":427,"commentCount":0,"image":{"@id":"https:\/\/www.onetoonecf.com\/es\/latam-y-europa-refuerzan-su-alianza-via-adquisiciones\/#primaryimage"},"thumbnailUrl":"https:\/\/www.onetoonecf.com\/wp-content\/uploads\/sites\/16\/2014\/03\/relations2.jpg","articleSection":["Estrategia de M&amp;A"],"inLanguage":"es","potentialAction":[{"@type":"CommentAction","name":"Comment","target":["https:\/\/www.onetoonecf.com\/es\/latam-y-europa-refuerzan-su-alianza-via-adquisiciones\/#respond"]}]},{"@type":"WebPage","@id":"https:\/\/www.onetoonecf.com\/es\/latam-y-europa-refuerzan-su-alianza-via-adquisiciones\/","url":"https:\/\/www.onetoonecf.com\/es\/latam-y-europa-refuerzan-su-alianza-via-adquisiciones\/","name":"LATAM y Europa refuerzan su alianza v\u00eda adquisiciones - ONEtoONE Corporate Finance","isPartOf":{"@id":"https:\/\/www.onetoonecf.com\/es\/#website"},"primaryImageOfPage":{"@id":"https:\/\/www.onetoonecf.com\/es\/latam-y-europa-refuerzan-su-alianza-via-adquisiciones\/#primaryimage"},"image":{"@id":"https:\/\/www.onetoonecf.com\/es\/latam-y-europa-refuerzan-su-alianza-via-adquisiciones\/#primaryimage"},"thumbnailUrl":"https:\/\/www.onetoonecf.com\/wp-content\/uploads\/sites\/16\/2014\/03\/relations2.jpg","datePublished":"2014-03-04T09:26:38+00:00","dateModified":"2021-02-15T16:59:46+00:00","author":{"@id":"https:\/\/www.onetoonecf.com\/es\/#\/schema\/person\/d9a76871c13ec2a7d5bf2e68e6a791d5"},"breadcrumb":{"@id":"https:\/\/www.onetoonecf.com\/es\/latam-y-europa-refuerzan-su-alianza-via-adquisiciones\/#breadcrumb"},"inLanguage":"es","potentialAction":[{"@type":"ReadAction","target":["https:\/\/www.onetoonecf.com\/es\/latam-y-europa-refuerzan-su-alianza-via-adquisiciones\/"]}]},{"@type":"ImageObject","inLanguage":"es","@id":"https:\/\/www.onetoonecf.com\/es\/latam-y-europa-refuerzan-su-alianza-via-adquisiciones\/#primaryimage","url":"https:\/\/www.onetoonecf.com\/wp-content\/uploads\/sites\/16\/2014\/03\/relations2.jpg","contentUrl":"https:\/\/www.onetoonecf.com\/wp-content\/uploads\/sites\/16\/2014\/03\/relations2.jpg","width":750,"height":350,"caption":"Mergers & Acquisitions, Compraventa de empresas"},{"@type":"BreadcrumbList","@id":"https:\/\/www.onetoonecf.com\/es\/latam-y-europa-refuerzan-su-alianza-via-adquisiciones\/#breadcrumb","itemListElement":[{"@type":"ListItem","position":1,"name":"Home","item":"https:\/\/www.onetoonecf.com\/es\/new-home-2025\/"},{"@type":"ListItem","position":2,"name":"LATAM y Europa refuerzan su alianza v\u00eda adquisiciones"}]},{"@type":"WebSite","@id":"https:\/\/www.onetoonecf.com\/es\/#website","url":"https:\/\/www.onetoonecf.com\/es\/","name":"ONEtoONE Corporate Finance","description":"","potentialAction":[{"@type":"SearchAction","target":{"@type":"EntryPoint","urlTemplate":"https:\/\/www.onetoonecf.com\/es\/?s={search_term_string}"},"query-input":{"@type":"PropertyValueSpecification","valueRequired":true,"valueName":"search_term_string"}}],"inLanguage":"es"},{"@type":"Person","@id":"https:\/\/www.onetoonecf.com\/es\/#\/schema\/person\/d9a76871c13ec2a7d5bf2e68e6a791d5","name":"lauracatalan","image":{"@type":"ImageObject","inLanguage":"es","@id":"https:\/\/secure.gravatar.com\/avatar\/c6f5ebf33c4369be99a0649f6a301fabac071e72ea3646f45109a4b1dda1c3e5?s=96&d=mm&r=g","url":"https:\/\/secure.gravatar.com\/avatar\/c6f5ebf33c4369be99a0649f6a301fabac071e72ea3646f45109a4b1dda1c3e5?s=96&d=mm&r=g","contentUrl":"https:\/\/secure.gravatar.com\/avatar\/c6f5ebf33c4369be99a0649f6a301fabac071e72ea3646f45109a4b1dda1c3e5?s=96&d=mm&r=g","caption":"lauracatalan"},"url":"https:\/\/www.onetoonecf.com\/es\/author\/lauracatalan\/"}]}},"_links":{"self":[{"href":"https:\/\/www.onetoonecf.com\/es\/wp-json\/wp\/v2\/posts\/21880","targetHints":{"allow":["GET"]}}],"collection":[{"href":"https:\/\/www.onetoonecf.com\/es\/wp-json\/wp\/v2\/posts"}],"about":[{"href":"https:\/\/www.onetoonecf.com\/es\/wp-json\/wp\/v2\/types\/post"}],"author":[{"embeddable":true,"href":"https:\/\/www.onetoonecf.com\/es\/wp-json\/wp\/v2\/users\/4"}],"replies":[{"embeddable":true,"href":"https:\/\/www.onetoonecf.com\/es\/wp-json\/wp\/v2\/comments?post=21880"}],"version-history":[{"count":4,"href":"https:\/\/www.onetoonecf.com\/es\/wp-json\/wp\/v2\/posts\/21880\/revisions"}],"predecessor-version":[{"id":68805,"href":"https:\/\/www.onetoonecf.com\/es\/wp-json\/wp\/v2\/posts\/21880\/revisions\/68805"}],"wp:featuredmedia":[{"embeddable":true,"href":"https:\/\/www.onetoonecf.com\/es\/wp-json\/wp\/v2\/media\/3108"}],"wp:attachment":[{"href":"https:\/\/www.onetoonecf.com\/es\/wp-json\/wp\/v2\/media?parent=21880"}],"wp:term":[{"taxonomy":"category","embeddable":true,"href":"https:\/\/www.onetoonecf.com\/es\/wp-json\/wp\/v2\/categories?post=21880"},{"taxonomy":"post_tag","embeddable":true,"href":"https:\/\/www.onetoonecf.com\/es\/wp-json\/wp\/v2\/tags?post=21880"}],"curies":[{"name":"wp","href":"https:\/\/api.w.org\/{rel}","templated":true}]}}