{"id":25056,"date":"2013-11-25T10:59:20","date_gmt":"2013-11-25T10:59:20","guid":{"rendered":"http:\/\/www.multisite.onetoonecf.com\/?p=25056"},"modified":"2018-08-31T10:23:28","modified_gmt":"2018-08-31T10:23:28","slug":"la-vida-son-ciclos-y-la-economia","status":"publish","type":"post","link":"https:\/\/www.onetoonecf.com\/es\/la-vida-son-ciclos-y-la-economia\/","title":{"rendered":"La vida son ciclos&#8230; y la econom\u00eda?"},"content":{"rendered":"<p>Hace un par de meses estuve ojeando la Teor\u00eda de las Ondas de Elliott. Para Ralph Nelson Elliott \u00a0(1871-1948) los mercados burs\u00e1tiles se mueven siguiendo un patr\u00f3n de ondas. Las dividi\u00f3 en dos: ondas de impulso (aquellas que sigue la tendencia principal del mercado) y ondas correctivas (aquellas que van en contra de la tendencia general). Si extrapol\u00e1ramos este concepto a la econom\u00eda espa\u00f1ola ver\u00edamos como algunos en el sector inmobiliario y de la construcci\u00f3n en Espa\u00f1a conocen algo de esta teor\u00eda, aunque seguro que el nombre de Elliott s\u00f3lo le recuerden a la pel\u00edcula de E.T. En realidad, cualquier empresario de cualquier sector es consciente de que hay veces que las cosas van bien, y otras en las que hay que prepararse para aguantar el chaparr\u00f3n. Es m\u00e1s, cualquier persona ha pasado por etapas donde todo va como la seda y otras en las que es mejor no levantarse de la cama.<\/p>\n<p>Por lo que s\u00e9 la econom\u00eda espa\u00f1ola sigue estando en dificultades. Sin embargo, me llama la atenci\u00f3n las posturas de determinados actores. Como por ejemplo Bill Gates, que ahora se interesa por una de nuestras empresas m\u00e1s fuertes del sector de la construcci\u00f3n, Morgan Stanley que nos gui\u00f1a un ojo haciendo buenas predicciones sobre nuestra econom\u00eda, Europa que ahora nos dice que ya no necesitamos que nuestros bancos sean rescatados, o las estad\u00edsticas de exportaci\u00f3n de nuestro tejido empresarial que apuntan muy fuerte por la exportaci\u00f3n emulando a los mejores <i>Hidden Champions<\/i> alemanes.<\/p>\n<p>Y es que la econom\u00eda al igual que la vida son ciclos, lo dif\u00edcil es saber en qu\u00e9 momento cambiara la tendencia y saber posicionarse. \u00bfEst\u00e1 usted preparado?<\/p>\n<p>Jos\u00e9 \u00c1ngel Bocarando, Manager de <a title=\"Asesores en b\u00fasqueda de inversores \/ ONEtoONE\" href=\"http:\/\/www.onetoone.es\" target=\"_blank\" rel=\"noopener\">ONEtoONE<\/a> en D\u00fcsseldorf &#8211; Alemania.<\/p>\n","protected":false},"excerpt":{"rendered":"<p>Hace un par de meses estuve ojeando la Teor\u00eda de las Ondas de Elliott. Para Ralph Nelson Elliott \u00a0(1871-1948) los mercados burs\u00e1tiles se mueven siguiendo un patr\u00f3n de ondas. Las dividi\u00f3 en dos: ondas de impulso (aquellas que sigue la tendencia principal del mercado) y ondas correctivas (aquellas que van en contra de la tendencia [&hellip;]<\/p>\n","protected":false},"author":13,"featured_media":25057,"comment_status":"open","ping_status":"open","sticky":false,"template":"","format":"standard","meta":{"_joinchat":[],"footnotes":""},"categories":[387],"tags":[],"class_list":["post-25056","post","type-post","status-publish","format-standard","has-post-thumbnail","hentry","category-estrategia-industrias-mercados"],"yoast_head":"<!-- This site is optimized with the Yoast SEO plugin v27.5 - https:\/\/yoast.com\/product\/yoast-seo-wordpress\/ -->\n<title>La vida son ciclos... y la econom\u00eda? - ONEtoONE Corporate Finance<\/title>\n<meta name=\"description\" content=\"Y es que la econom\u00eda al igual que la vida son ciclos, lo dif\u00edcil es saber en qu\u00e9 momento cambiara la tendencia y saber posicionarse. \u00bfEst\u00e1 usted preparado?\" \/>\n<meta name=\"robots\" content=\"index, follow, max-snippet:-1, max-image-preview:large, max-video-preview:-1\" \/>\n<link rel=\"canonical\" href=\"https:\/\/www.onetoonecf.com\/es\/la-vida-son-ciclos-y-la-economia\/\" \/>\n<meta property=\"og:locale\" content=\"es_ES\" \/>\n<meta property=\"og:type\" content=\"article\" \/>\n<meta property=\"og:title\" content=\"La vida son ciclos... y la econom\u00eda? - ONEtoONE Corporate Finance\" \/>\n<meta property=\"og:description\" content=\"Y es que la econom\u00eda al igual que la vida son ciclos, lo dif\u00edcil es saber en qu\u00e9 momento cambiara la tendencia y saber posicionarse. \u00bfEst\u00e1 usted preparado?\" \/>\n<meta property=\"og:url\" content=\"https:\/\/www.onetoonecf.com\/es\/la-vida-son-ciclos-y-la-economia\/\" \/>\n<meta property=\"og:site_name\" content=\"ONEtoONE Corporate Finance\" \/>\n<meta property=\"article:published_time\" content=\"2013-11-25T10:59:20+00:00\" \/>\n<meta property=\"article:modified_time\" content=\"2018-08-31T10:23:28+00:00\" \/>\n<meta property=\"og:image\" content=\"https:\/\/www.onetoonecf.com\/wp-content\/uploads\/sites\/16\/2018\/08\/tyjnjuytj.jpg\" \/>\n\t<meta property=\"og:image:width\" content=\"750\" \/>\n\t<meta property=\"og:image:height\" content=\"342\" \/>\n\t<meta property=\"og:image:type\" content=\"image\/jpeg\" \/>\n<meta name=\"twitter:card\" content=\"summary_large_image\" \/>\n<meta name=\"twitter:label1\" content=\"Escrito por\" \/>\n\t<meta name=\"twitter:data1\" content=\"\" \/>\n\t<meta name=\"twitter:label2\" content=\"Tiempo de lectura\" \/>\n\t<meta name=\"twitter:data2\" content=\"2 minutos\" \/>\n<script type=\"application\/ld+json\" class=\"yoast-schema-graph\">{\"@context\":\"https:\\\/\\\/schema.org\",\"@graph\":[{\"@type\":\"Article\",\"@id\":\"https:\\\/\\\/www.onetoonecf.com\\\/es\\\/la-vida-son-ciclos-y-la-economia\\\/#article\",\"isPartOf\":{\"@id\":\"https:\\\/\\\/www.onetoonecf.com\\\/es\\\/la-vida-son-ciclos-y-la-economia\\\/\"},\"author\":{\"name\":\"\",\"@id\":\"\"},\"headline\":\"La vida son ciclos&#8230; y la econom\u00eda?\",\"datePublished\":\"2013-11-25T10:59:20+00:00\",\"dateModified\":\"2018-08-31T10:23:28+00:00\",\"mainEntityOfPage\":{\"@id\":\"https:\\\/\\\/www.onetoonecf.com\\\/es\\\/la-vida-son-ciclos-y-la-economia\\\/\"},\"wordCount\":320,\"commentCount\":0,\"image\":{\"@id\":\"https:\\\/\\\/www.onetoonecf.com\\\/es\\\/la-vida-son-ciclos-y-la-economia\\\/#primaryimage\"},\"thumbnailUrl\":\"https:\\\/\\\/www.onetoonecf.com\\\/wp-content\\\/uploads\\\/sites\\\/16\\\/2018\\\/08\\\/tyjnjuytj.jpg\",\"articleSection\":[\"Estrategia, Industrias y Mercados\"],\"inLanguage\":\"es\",\"potentialAction\":[{\"@type\":\"CommentAction\",\"name\":\"Comment\",\"target\":[\"https:\\\/\\\/www.onetoonecf.com\\\/es\\\/la-vida-son-ciclos-y-la-economia\\\/#respond\"]}]},{\"@type\":\"WebPage\",\"@id\":\"https:\\\/\\\/www.onetoonecf.com\\\/es\\\/la-vida-son-ciclos-y-la-economia\\\/\",\"url\":\"https:\\\/\\\/www.onetoonecf.com\\\/es\\\/la-vida-son-ciclos-y-la-economia\\\/\",\"name\":\"La vida son ciclos... y la econom\u00eda? - ONEtoONE Corporate Finance\",\"isPartOf\":{\"@id\":\"https:\\\/\\\/www.onetoonecf.com\\\/es\\\/#website\"},\"primaryImageOfPage\":{\"@id\":\"https:\\\/\\\/www.onetoonecf.com\\\/es\\\/la-vida-son-ciclos-y-la-economia\\\/#primaryimage\"},\"image\":{\"@id\":\"https:\\\/\\\/www.onetoonecf.com\\\/es\\\/la-vida-son-ciclos-y-la-economia\\\/#primaryimage\"},\"thumbnailUrl\":\"https:\\\/\\\/www.onetoonecf.com\\\/wp-content\\\/uploads\\\/sites\\\/16\\\/2018\\\/08\\\/tyjnjuytj.jpg\",\"datePublished\":\"2013-11-25T10:59:20+00:00\",\"dateModified\":\"2018-08-31T10:23:28+00:00\",\"author\":{\"@id\":\"\"},\"description\":\"Y es que la econom\u00eda al igual que la vida son ciclos, lo dif\u00edcil es saber en qu\u00e9 momento cambiara la tendencia y saber posicionarse. \u00bfEst\u00e1 usted preparado?\",\"breadcrumb\":{\"@id\":\"https:\\\/\\\/www.onetoonecf.com\\\/es\\\/la-vida-son-ciclos-y-la-economia\\\/#breadcrumb\"},\"inLanguage\":\"es\",\"potentialAction\":[{\"@type\":\"ReadAction\",\"target\":[\"https:\\\/\\\/www.onetoonecf.com\\\/es\\\/la-vida-son-ciclos-y-la-economia\\\/\"]}]},{\"@type\":\"ImageObject\",\"inLanguage\":\"es\",\"@id\":\"https:\\\/\\\/www.onetoonecf.com\\\/es\\\/la-vida-son-ciclos-y-la-economia\\\/#primaryimage\",\"url\":\"https:\\\/\\\/www.onetoonecf.com\\\/wp-content\\\/uploads\\\/sites\\\/16\\\/2018\\\/08\\\/tyjnjuytj.jpg\",\"contentUrl\":\"https:\\\/\\\/www.onetoonecf.com\\\/wp-content\\\/uploads\\\/sites\\\/16\\\/2018\\\/08\\\/tyjnjuytj.jpg\",\"width\":750,\"height\":342,\"caption\":\"La vida son ciclos... y la econom\u00eda?\"},{\"@type\":\"BreadcrumbList\",\"@id\":\"https:\\\/\\\/www.onetoonecf.com\\\/es\\\/la-vida-son-ciclos-y-la-economia\\\/#breadcrumb\",\"itemListElement\":[{\"@type\":\"ListItem\",\"position\":1,\"name\":\"Home\",\"item\":\"https:\\\/\\\/www.onetoonecf.com\\\/es\\\/new-home-2025\\\/\"},{\"@type\":\"ListItem\",\"position\":2,\"name\":\"La vida son ciclos&#8230; y la econom\u00eda?\"}]},{\"@type\":\"WebSite\",\"@id\":\"https:\\\/\\\/www.onetoonecf.com\\\/es\\\/#website\",\"url\":\"https:\\\/\\\/www.onetoonecf.com\\\/es\\\/\",\"name\":\"ONEtoONE Corporate Finance\",\"description\":\"\",\"potentialAction\":[{\"@type\":\"SearchAction\",\"target\":{\"@type\":\"EntryPoint\",\"urlTemplate\":\"https:\\\/\\\/www.onetoonecf.com\\\/es\\\/?s={search_term_string}\"},\"query-input\":{\"@type\":\"PropertyValueSpecification\",\"valueRequired\":true,\"valueName\":\"search_term_string\"}}],\"inLanguage\":\"es\"},{\"@type\":\"Person\",\"@id\":\"\",\"url\":\"https:\\\/\\\/www.onetoonecf.com\\\/es\\\/author\\\/\"}]}<\/script>\n<!-- \/ Yoast SEO plugin. -->","yoast_head_json":{"title":"La vida son ciclos... y la econom\u00eda? - ONEtoONE Corporate Finance","description":"Y es que la econom\u00eda al igual que la vida son ciclos, lo dif\u00edcil es saber en qu\u00e9 momento cambiara la tendencia y saber posicionarse. \u00bfEst\u00e1 usted preparado?","robots":{"index":"index","follow":"follow","max-snippet":"max-snippet:-1","max-image-preview":"max-image-preview:large","max-video-preview":"max-video-preview:-1"},"canonical":"https:\/\/www.onetoonecf.com\/es\/la-vida-son-ciclos-y-la-economia\/","og_locale":"es_ES","og_type":"article","og_title":"La vida son ciclos... y la econom\u00eda? - ONEtoONE Corporate Finance","og_description":"Y es que la econom\u00eda al igual que la vida son ciclos, lo dif\u00edcil es saber en qu\u00e9 momento cambiara la tendencia y saber posicionarse. \u00bfEst\u00e1 usted preparado?","og_url":"https:\/\/www.onetoonecf.com\/es\/la-vida-son-ciclos-y-la-economia\/","og_site_name":"ONEtoONE Corporate Finance","article_published_time":"2013-11-25T10:59:20+00:00","article_modified_time":"2018-08-31T10:23:28+00:00","og_image":[{"width":750,"height":342,"url":"https:\/\/www.onetoonecf.com\/wp-content\/uploads\/sites\/16\/2018\/08\/tyjnjuytj.jpg","type":"image\/jpeg"}],"twitter_card":"summary_large_image","twitter_misc":{"Escrito por":"","Tiempo de lectura":"2 minutos"},"schema":{"@context":"https:\/\/schema.org","@graph":[{"@type":"Article","@id":"https:\/\/www.onetoonecf.com\/es\/la-vida-son-ciclos-y-la-economia\/#article","isPartOf":{"@id":"https:\/\/www.onetoonecf.com\/es\/la-vida-son-ciclos-y-la-economia\/"},"author":{"name":"","@id":""},"headline":"La vida son ciclos&#8230; y la econom\u00eda?","datePublished":"2013-11-25T10:59:20+00:00","dateModified":"2018-08-31T10:23:28+00:00","mainEntityOfPage":{"@id":"https:\/\/www.onetoonecf.com\/es\/la-vida-son-ciclos-y-la-economia\/"},"wordCount":320,"commentCount":0,"image":{"@id":"https:\/\/www.onetoonecf.com\/es\/la-vida-son-ciclos-y-la-economia\/#primaryimage"},"thumbnailUrl":"https:\/\/www.onetoonecf.com\/wp-content\/uploads\/sites\/16\/2018\/08\/tyjnjuytj.jpg","articleSection":["Estrategia, Industrias y Mercados"],"inLanguage":"es","potentialAction":[{"@type":"CommentAction","name":"Comment","target":["https:\/\/www.onetoonecf.com\/es\/la-vida-son-ciclos-y-la-economia\/#respond"]}]},{"@type":"WebPage","@id":"https:\/\/www.onetoonecf.com\/es\/la-vida-son-ciclos-y-la-economia\/","url":"https:\/\/www.onetoonecf.com\/es\/la-vida-son-ciclos-y-la-economia\/","name":"La vida son ciclos... y la econom\u00eda? - ONEtoONE Corporate Finance","isPartOf":{"@id":"https:\/\/www.onetoonecf.com\/es\/#website"},"primaryImageOfPage":{"@id":"https:\/\/www.onetoonecf.com\/es\/la-vida-son-ciclos-y-la-economia\/#primaryimage"},"image":{"@id":"https:\/\/www.onetoonecf.com\/es\/la-vida-son-ciclos-y-la-economia\/#primaryimage"},"thumbnailUrl":"https:\/\/www.onetoonecf.com\/wp-content\/uploads\/sites\/16\/2018\/08\/tyjnjuytj.jpg","datePublished":"2013-11-25T10:59:20+00:00","dateModified":"2018-08-31T10:23:28+00:00","author":{"@id":""},"description":"Y es que la econom\u00eda al igual que la vida son ciclos, lo dif\u00edcil es saber en qu\u00e9 momento cambiara la tendencia y saber posicionarse. \u00bfEst\u00e1 usted preparado?","breadcrumb":{"@id":"https:\/\/www.onetoonecf.com\/es\/la-vida-son-ciclos-y-la-economia\/#breadcrumb"},"inLanguage":"es","potentialAction":[{"@type":"ReadAction","target":["https:\/\/www.onetoonecf.com\/es\/la-vida-son-ciclos-y-la-economia\/"]}]},{"@type":"ImageObject","inLanguage":"es","@id":"https:\/\/www.onetoonecf.com\/es\/la-vida-son-ciclos-y-la-economia\/#primaryimage","url":"https:\/\/www.onetoonecf.com\/wp-content\/uploads\/sites\/16\/2018\/08\/tyjnjuytj.jpg","contentUrl":"https:\/\/www.onetoonecf.com\/wp-content\/uploads\/sites\/16\/2018\/08\/tyjnjuytj.jpg","width":750,"height":342,"caption":"La vida son ciclos... y la econom\u00eda?"},{"@type":"BreadcrumbList","@id":"https:\/\/www.onetoonecf.com\/es\/la-vida-son-ciclos-y-la-economia\/#breadcrumb","itemListElement":[{"@type":"ListItem","position":1,"name":"Home","item":"https:\/\/www.onetoonecf.com\/es\/new-home-2025\/"},{"@type":"ListItem","position":2,"name":"La vida son ciclos&#8230; y la econom\u00eda?"}]},{"@type":"WebSite","@id":"https:\/\/www.onetoonecf.com\/es\/#website","url":"https:\/\/www.onetoonecf.com\/es\/","name":"ONEtoONE Corporate Finance","description":"","potentialAction":[{"@type":"SearchAction","target":{"@type":"EntryPoint","urlTemplate":"https:\/\/www.onetoonecf.com\/es\/?s={search_term_string}"},"query-input":{"@type":"PropertyValueSpecification","valueRequired":true,"valueName":"search_term_string"}}],"inLanguage":"es"},{"@type":"Person","@id":"","url":"https:\/\/www.onetoonecf.com\/es\/author\/"}]}},"_links":{"self":[{"href":"https:\/\/www.onetoonecf.com\/es\/wp-json\/wp\/v2\/posts\/25056","targetHints":{"allow":["GET"]}}],"collection":[{"href":"https:\/\/www.onetoonecf.com\/es\/wp-json\/wp\/v2\/posts"}],"about":[{"href":"https:\/\/www.onetoonecf.com\/es\/wp-json\/wp\/v2\/types\/post"}],"author":[{"embeddable":true,"href":"https:\/\/www.onetoonecf.com\/es\/wp-json\/wp\/v2\/users\/13"}],"replies":[{"embeddable":true,"href":"https:\/\/www.onetoonecf.com\/es\/wp-json\/wp\/v2\/comments?post=25056"}],"version-history":[{"count":1,"href":"https:\/\/www.onetoonecf.com\/es\/wp-json\/wp\/v2\/posts\/25056\/revisions"}],"predecessor-version":[{"id":25058,"href":"https:\/\/www.onetoonecf.com\/es\/wp-json\/wp\/v2\/posts\/25056\/revisions\/25058"}],"wp:featuredmedia":[{"embeddable":true,"href":"https:\/\/www.onetoonecf.com\/es\/wp-json\/wp\/v2\/media\/25057"}],"wp:attachment":[{"href":"https:\/\/www.onetoonecf.com\/es\/wp-json\/wp\/v2\/media?parent=25056"}],"wp:term":[{"taxonomy":"category","embeddable":true,"href":"https:\/\/www.onetoonecf.com\/es\/wp-json\/wp\/v2\/categories?post=25056"},{"taxonomy":"post_tag","embeddable":true,"href":"https:\/\/www.onetoonecf.com\/es\/wp-json\/wp\/v2\/tags?post=25056"}],"curies":[{"name":"wp","href":"https:\/\/api.w.org\/{rel}","templated":true}]}}