{"id":25096,"date":"2014-01-31T13:38:03","date_gmt":"2014-01-31T13:38:03","guid":{"rendered":"http:\/\/www.multisite.onetoonecf.com\/?p=25096"},"modified":"2021-03-29T18:27:53","modified_gmt":"2021-03-29T16:27:53","slug":"como-fue-el-2013-en-el-mercado-del-ma-de-latam","status":"publish","type":"post","link":"https:\/\/www.onetoonecf.com\/es\/como-fue-el-2013-en-el-mercado-del-ma-de-latam\/","title":{"rendered":"\u00bfC\u00f3mo fue el 2013 en el mercado del M&amp;A de LATAM?"},"content":{"rendered":"<p>LATAM se ha convertido en uno de los centros mundiales econ\u00f3micos por m\u00e9ritos propios.<strong> La actividad en M&amp;A es un reflejo del buen momento por el que atraviesa la zona<\/strong>. Durante el \u00faltimo trimestre del pasado a\u00f1o, el mercado transaccional latinoamericano mantuvo su actividad respecto al periodo anterior. Sin embargo los datos registrados suponen un ligero aumento si tomamos como referente el mismo trimestre del 2012.<\/p>\n<p>Los datos anunciados por <a title=\"Transactional Track Record \/ Research en M&amp;A\" href=\"http:\/\/www.ttrecord.com\/es\/\" target=\"_blank\" rel=\"noopener\">Transactional Track Record<\/a>, revelan un <strong>incremento en el nivel de inversi\u00f3n con respecto a ambos periodos<\/strong>. Este hecho se debe al anuncio y cierre de operaciones de importes elevados. Por ejemplo el anuncio por parte de la brasile\u00f1a Oi de fusionarse con PT Portugal Telecom, por cerca de USD 14,510m.<\/p>\n<p>Si nos queremos fijar en las zonas de LATAM con m\u00e1s actividad en fusiones y adquisiciones, TTR destaca a cuatro protagonistas que han liderado los rankings durante todo el 2013: <strong>Brasil, M\u00e9xico, Chile y Colombia<\/strong>.<\/p>\n<p><b>Operaciones cross border<\/b><\/p>\n<p>Un apartado especial merece<strong> la compra de empresas de la zona por operadores extranjeros<\/strong>. La inversi\u00f3n en las compa\u00f1\u00edas de la zona supone actualmente una v\u00eda para sortear las dificultades econ\u00f3micas que pueden estar atravesando estas empresas extranjeras en otras partes del mundo.<\/p>\n<p>TTR destaca en su estudio el caso de Flint Group, compa\u00f1\u00eda con sede en Luxemburgo y dedicada a la fabricaci\u00f3n de envases, que adquiri\u00f3 el 50.05% del capital social de Tintas Gr\u00e1ficas Vencedor, empresa peruana dedicada a la fabricaci\u00f3n de tintas para la industria gr\u00e1fica, que estaba en manos de Corporaci\u00f3n Peruana de Productos Qu\u00edmicos (CPP), por un importe confidencial.<\/p>\n<p>Se\u00f1alar que <strong>las empresas de LATAM tambi\u00e9n se han interesado por salir al exterior v\u00eda fusiones y adquisiciones<\/strong>, realizando operaciones estrat\u00e9gicas dado los bajos precios que se registran en el mercado. Espa\u00f1a ha sido sin duda el pa\u00eds que capt\u00f3 el mayor inter\u00e9s de las empresas de la zona. Un ejemplo de ello fue la compra por parte de la petrolera mexicana Pemex que a trav\u00e9s de su filial Grupo PMI se ha hecho con el 51% de la espa\u00f1ola Astilleros Barreras, por un importe de alrededor de EUR 6.9m.<\/p>\n<p>Si te ha gustado este art\u00edculo. <strong>\u00bfPor qu\u00e9 no compartirlo en redes sociales?<\/strong> \u00a1Gracias!<\/p>\n<p><a href=\"https:\/\/www.onetoonecf.com\/es\/compraventa-empresas-servicios-venta-de-empresas\/\"><img fetchpriority=\"high\" decoding=\"async\" class=\"aligncenter wp-image-74531\" src=\"https:\/\/www.onetoonecf.com\/wp-content\/uploads\/sites\/16\/2013\/10\/Banner-servicios-150x150.png\" alt=\"\" width=\"1075\" height=\"150\" srcset=\"https:\/\/www.onetoonecf.com\/wp-content\/uploads\/sites\/16\/2013\/10\/Banner-servicios-300x42.png 300w, https:\/\/www.onetoonecf.com\/wp-content\/uploads\/sites\/16\/2013\/10\/Banner-servicios-768x107.png 768w, https:\/\/www.onetoonecf.com\/wp-content\/uploads\/sites\/16\/2013\/10\/Banner-servicios.png 1075w\" sizes=\"(max-width: 1075px) 100vw, 1075px\" \/><\/a><\/p>\n","protected":false},"excerpt":{"rendered":"<p>LATAM se ha convertido en uno de los centros mundiales econ\u00f3micos por m\u00e9ritos propios. La actividad en M&amp;A es un reflejo del buen momento por el que atraviesa la zona. Durante el \u00faltimo trimestre del pasado a\u00f1o, el mercado transaccional latinoamericano mantuvo su actividad respecto al periodo anterior. Sin embargo los datos registrados suponen un [&hellip;]<\/p>\n","protected":false},"author":17,"featured_media":25097,"comment_status":"open","ping_status":"open","sticky":false,"template":"","format":"standard","meta":{"_joinchat":[],"footnotes":""},"categories":[386],"tags":[],"class_list":["post-25096","post","type-post","status-publish","format-standard","has-post-thumbnail","hentry","category-estrategia-de-ma"],"yoast_head":"<!-- This site is optimized with the Yoast SEO plugin v27.5 - https:\/\/yoast.com\/product\/yoast-seo-wordpress\/ -->\n<title>\u00bfC\u00f3mo fue el 2013 en el mercado del M&amp;A de LATAM? - ONEtoONE Corporate Finance<\/title>\n<meta name=\"description\" content=\"LATAM se ha convertido en uno de los centros mundiales econ\u00f3micos por m\u00e9ritos propios. La actividad en M&amp;A es un reflejo del buen momento. \u00a1Lee m\u00e1s!\" \/>\n<meta name=\"robots\" content=\"index, follow, max-snippet:-1, max-image-preview:large, max-video-preview:-1\" \/>\n<link rel=\"canonical\" href=\"https:\/\/www.onetoonecf.com\/es\/como-fue-el-2013-en-el-mercado-del-ma-de-latam\/\" \/>\n<meta property=\"og:locale\" content=\"es_ES\" \/>\n<meta property=\"og:type\" content=\"article\" \/>\n<meta property=\"og:title\" content=\"\u00bfC\u00f3mo fue el 2013 en el mercado del M&amp;A de LATAM? - ONEtoONE Corporate Finance\" \/>\n<meta property=\"og:description\" content=\"LATAM se ha convertido en uno de los centros mundiales econ\u00f3micos por m\u00e9ritos propios. La actividad en M&amp;A es un reflejo del buen momento. \u00a1Lee m\u00e1s!\" \/>\n<meta property=\"og:url\" content=\"https:\/\/www.onetoonecf.com\/es\/como-fue-el-2013-en-el-mercado-del-ma-de-latam\/\" \/>\n<meta property=\"og:site_name\" content=\"ONEtoONE Corporate Finance\" \/>\n<meta property=\"article:published_time\" content=\"2014-01-31T13:38:03+00:00\" \/>\n<meta property=\"article:modified_time\" content=\"2021-03-29T16:27:53+00:00\" \/>\n<meta property=\"og:image\" content=\"https:\/\/www.onetoonecf.com\/wp-content\/uploads\/sites\/16\/2018\/08\/ghfbrdgbfc.jpg\" \/>\n\t<meta property=\"og:image:width\" content=\"750\" \/>\n\t<meta property=\"og:image:height\" content=\"342\" \/>\n\t<meta property=\"og:image:type\" content=\"image\/jpeg\" \/>\n<meta name=\"author\" content=\"Abraham\" \/>\n<meta name=\"twitter:card\" content=\"summary_large_image\" \/>\n<meta name=\"twitter:label1\" content=\"Escrito por\" \/>\n\t<meta name=\"twitter:data1\" content=\"Abraham\" \/>\n\t<meta name=\"twitter:label2\" content=\"Tiempo de lectura\" \/>\n\t<meta name=\"twitter:data2\" content=\"2 minutos\" \/>\n<script type=\"application\/ld+json\" class=\"yoast-schema-graph\">{\"@context\":\"https:\\\/\\\/schema.org\",\"@graph\":[{\"@type\":\"Article\",\"@id\":\"https:\\\/\\\/www.onetoonecf.com\\\/es\\\/como-fue-el-2013-en-el-mercado-del-ma-de-latam\\\/#article\",\"isPartOf\":{\"@id\":\"https:\\\/\\\/www.onetoonecf.com\\\/es\\\/como-fue-el-2013-en-el-mercado-del-ma-de-latam\\\/\"},\"author\":{\"name\":\"Abraham\",\"@id\":\"https:\\\/\\\/www.onetoonecf.com\\\/es\\\/#\\\/schema\\\/person\\\/dfdccf7eec9e6134b312c3325601c914\"},\"headline\":\"\u00bfC\u00f3mo fue el 2013 en el mercado del M&amp;A de LATAM?\",\"datePublished\":\"2014-01-31T13:38:03+00:00\",\"dateModified\":\"2021-03-29T16:27:53+00:00\",\"mainEntityOfPage\":{\"@id\":\"https:\\\/\\\/www.onetoonecf.com\\\/es\\\/como-fue-el-2013-en-el-mercado-del-ma-de-latam\\\/\"},\"wordCount\":404,\"commentCount\":0,\"image\":{\"@id\":\"https:\\\/\\\/www.onetoonecf.com\\\/es\\\/como-fue-el-2013-en-el-mercado-del-ma-de-latam\\\/#primaryimage\"},\"thumbnailUrl\":\"https:\\\/\\\/www.onetoonecf.com\\\/wp-content\\\/uploads\\\/sites\\\/16\\\/2018\\\/08\\\/ghfbrdgbfc.jpg\",\"articleSection\":[\"Estrategia de M&amp;A\"],\"inLanguage\":\"es\",\"potentialAction\":[{\"@type\":\"CommentAction\",\"name\":\"Comment\",\"target\":[\"https:\\\/\\\/www.onetoonecf.com\\\/es\\\/como-fue-el-2013-en-el-mercado-del-ma-de-latam\\\/#respond\"]}]},{\"@type\":\"WebPage\",\"@id\":\"https:\\\/\\\/www.onetoonecf.com\\\/es\\\/como-fue-el-2013-en-el-mercado-del-ma-de-latam\\\/\",\"url\":\"https:\\\/\\\/www.onetoonecf.com\\\/es\\\/como-fue-el-2013-en-el-mercado-del-ma-de-latam\\\/\",\"name\":\"\u00bfC\u00f3mo fue el 2013 en el mercado del M&amp;A de LATAM? - ONEtoONE Corporate Finance\",\"isPartOf\":{\"@id\":\"https:\\\/\\\/www.onetoonecf.com\\\/es\\\/#website\"},\"primaryImageOfPage\":{\"@id\":\"https:\\\/\\\/www.onetoonecf.com\\\/es\\\/como-fue-el-2013-en-el-mercado-del-ma-de-latam\\\/#primaryimage\"},\"image\":{\"@id\":\"https:\\\/\\\/www.onetoonecf.com\\\/es\\\/como-fue-el-2013-en-el-mercado-del-ma-de-latam\\\/#primaryimage\"},\"thumbnailUrl\":\"https:\\\/\\\/www.onetoonecf.com\\\/wp-content\\\/uploads\\\/sites\\\/16\\\/2018\\\/08\\\/ghfbrdgbfc.jpg\",\"datePublished\":\"2014-01-31T13:38:03+00:00\",\"dateModified\":\"2021-03-29T16:27:53+00:00\",\"author\":{\"@id\":\"https:\\\/\\\/www.onetoonecf.com\\\/es\\\/#\\\/schema\\\/person\\\/dfdccf7eec9e6134b312c3325601c914\"},\"description\":\"LATAM se ha convertido en uno de los centros mundiales econ\u00f3micos por m\u00e9ritos propios. La actividad en M&A es un reflejo del buen momento. \u00a1Lee m\u00e1s!\",\"breadcrumb\":{\"@id\":\"https:\\\/\\\/www.onetoonecf.com\\\/es\\\/como-fue-el-2013-en-el-mercado-del-ma-de-latam\\\/#breadcrumb\"},\"inLanguage\":\"es\",\"potentialAction\":[{\"@type\":\"ReadAction\",\"target\":[\"https:\\\/\\\/www.onetoonecf.com\\\/es\\\/como-fue-el-2013-en-el-mercado-del-ma-de-latam\\\/\"]}]},{\"@type\":\"ImageObject\",\"inLanguage\":\"es\",\"@id\":\"https:\\\/\\\/www.onetoonecf.com\\\/es\\\/como-fue-el-2013-en-el-mercado-del-ma-de-latam\\\/#primaryimage\",\"url\":\"https:\\\/\\\/www.onetoonecf.com\\\/wp-content\\\/uploads\\\/sites\\\/16\\\/2018\\\/08\\\/ghfbrdgbfc.jpg\",\"contentUrl\":\"https:\\\/\\\/www.onetoonecf.com\\\/wp-content\\\/uploads\\\/sites\\\/16\\\/2018\\\/08\\\/ghfbrdgbfc.jpg\",\"width\":750,\"height\":342,\"caption\":\"\u00bfC\u00f3mo fue el 2013 en el mercado del M&A de LATAM?\"},{\"@type\":\"BreadcrumbList\",\"@id\":\"https:\\\/\\\/www.onetoonecf.com\\\/es\\\/como-fue-el-2013-en-el-mercado-del-ma-de-latam\\\/#breadcrumb\",\"itemListElement\":[{\"@type\":\"ListItem\",\"position\":1,\"name\":\"Home\",\"item\":\"https:\\\/\\\/www.onetoonecf.com\\\/es\\\/new-home-2025\\\/\"},{\"@type\":\"ListItem\",\"position\":2,\"name\":\"\u00bfC\u00f3mo fue el 2013 en el mercado del M&amp;A de LATAM?\"}]},{\"@type\":\"WebSite\",\"@id\":\"https:\\\/\\\/www.onetoonecf.com\\\/es\\\/#website\",\"url\":\"https:\\\/\\\/www.onetoonecf.com\\\/es\\\/\",\"name\":\"ONEtoONE Corporate Finance\",\"description\":\"\",\"potentialAction\":[{\"@type\":\"SearchAction\",\"target\":{\"@type\":\"EntryPoint\",\"urlTemplate\":\"https:\\\/\\\/www.onetoonecf.com\\\/es\\\/?s={search_term_string}\"},\"query-input\":{\"@type\":\"PropertyValueSpecification\",\"valueRequired\":true,\"valueName\":\"search_term_string\"}}],\"inLanguage\":\"es\"},{\"@type\":\"Person\",\"@id\":\"https:\\\/\\\/www.onetoonecf.com\\\/es\\\/#\\\/schema\\\/person\\\/dfdccf7eec9e6134b312c3325601c914\",\"name\":\"Abraham\",\"image\":{\"@type\":\"ImageObject\",\"inLanguage\":\"es\",\"@id\":\"https:\\\/\\\/secure.gravatar.com\\\/avatar\\\/0b466caa50db826dacd52323d3d5fac6a15fa75ca28ec1ddcabc793422b39c7c?s=96&d=mm&r=g\",\"url\":\"https:\\\/\\\/secure.gravatar.com\\\/avatar\\\/0b466caa50db826dacd52323d3d5fac6a15fa75ca28ec1ddcabc793422b39c7c?s=96&d=mm&r=g\",\"contentUrl\":\"https:\\\/\\\/secure.gravatar.com\\\/avatar\\\/0b466caa50db826dacd52323d3d5fac6a15fa75ca28ec1ddcabc793422b39c7c?s=96&d=mm&r=g\",\"caption\":\"Abraham\"},\"url\":\"https:\\\/\\\/www.onetoonecf.com\\\/es\\\/author\\\/abraham-garcia\\\/\"}]}<\/script>\n<!-- \/ Yoast SEO plugin. -->","yoast_head_json":{"title":"\u00bfC\u00f3mo fue el 2013 en el mercado del M&amp;A de LATAM? - ONEtoONE Corporate Finance","description":"LATAM se ha convertido en uno de los centros mundiales econ\u00f3micos por m\u00e9ritos propios. La actividad en M&A es un reflejo del buen momento. \u00a1Lee m\u00e1s!","robots":{"index":"index","follow":"follow","max-snippet":"max-snippet:-1","max-image-preview":"max-image-preview:large","max-video-preview":"max-video-preview:-1"},"canonical":"https:\/\/www.onetoonecf.com\/es\/como-fue-el-2013-en-el-mercado-del-ma-de-latam\/","og_locale":"es_ES","og_type":"article","og_title":"\u00bfC\u00f3mo fue el 2013 en el mercado del M&amp;A de LATAM? - ONEtoONE Corporate Finance","og_description":"LATAM se ha convertido en uno de los centros mundiales econ\u00f3micos por m\u00e9ritos propios. La actividad en M&A es un reflejo del buen momento. \u00a1Lee m\u00e1s!","og_url":"https:\/\/www.onetoonecf.com\/es\/como-fue-el-2013-en-el-mercado-del-ma-de-latam\/","og_site_name":"ONEtoONE Corporate Finance","article_published_time":"2014-01-31T13:38:03+00:00","article_modified_time":"2021-03-29T16:27:53+00:00","og_image":[{"width":750,"height":342,"url":"https:\/\/www.onetoonecf.com\/wp-content\/uploads\/sites\/16\/2018\/08\/ghfbrdgbfc.jpg","type":"image\/jpeg"}],"author":"Abraham","twitter_card":"summary_large_image","twitter_misc":{"Escrito por":"Abraham","Tiempo de lectura":"2 minutos"},"schema":{"@context":"https:\/\/schema.org","@graph":[{"@type":"Article","@id":"https:\/\/www.onetoonecf.com\/es\/como-fue-el-2013-en-el-mercado-del-ma-de-latam\/#article","isPartOf":{"@id":"https:\/\/www.onetoonecf.com\/es\/como-fue-el-2013-en-el-mercado-del-ma-de-latam\/"},"author":{"name":"Abraham","@id":"https:\/\/www.onetoonecf.com\/es\/#\/schema\/person\/dfdccf7eec9e6134b312c3325601c914"},"headline":"\u00bfC\u00f3mo fue el 2013 en el mercado del M&amp;A de LATAM?","datePublished":"2014-01-31T13:38:03+00:00","dateModified":"2021-03-29T16:27:53+00:00","mainEntityOfPage":{"@id":"https:\/\/www.onetoonecf.com\/es\/como-fue-el-2013-en-el-mercado-del-ma-de-latam\/"},"wordCount":404,"commentCount":0,"image":{"@id":"https:\/\/www.onetoonecf.com\/es\/como-fue-el-2013-en-el-mercado-del-ma-de-latam\/#primaryimage"},"thumbnailUrl":"https:\/\/www.onetoonecf.com\/wp-content\/uploads\/sites\/16\/2018\/08\/ghfbrdgbfc.jpg","articleSection":["Estrategia de M&amp;A"],"inLanguage":"es","potentialAction":[{"@type":"CommentAction","name":"Comment","target":["https:\/\/www.onetoonecf.com\/es\/como-fue-el-2013-en-el-mercado-del-ma-de-latam\/#respond"]}]},{"@type":"WebPage","@id":"https:\/\/www.onetoonecf.com\/es\/como-fue-el-2013-en-el-mercado-del-ma-de-latam\/","url":"https:\/\/www.onetoonecf.com\/es\/como-fue-el-2013-en-el-mercado-del-ma-de-latam\/","name":"\u00bfC\u00f3mo fue el 2013 en el mercado del M&amp;A de LATAM? - ONEtoONE Corporate Finance","isPartOf":{"@id":"https:\/\/www.onetoonecf.com\/es\/#website"},"primaryImageOfPage":{"@id":"https:\/\/www.onetoonecf.com\/es\/como-fue-el-2013-en-el-mercado-del-ma-de-latam\/#primaryimage"},"image":{"@id":"https:\/\/www.onetoonecf.com\/es\/como-fue-el-2013-en-el-mercado-del-ma-de-latam\/#primaryimage"},"thumbnailUrl":"https:\/\/www.onetoonecf.com\/wp-content\/uploads\/sites\/16\/2018\/08\/ghfbrdgbfc.jpg","datePublished":"2014-01-31T13:38:03+00:00","dateModified":"2021-03-29T16:27:53+00:00","author":{"@id":"https:\/\/www.onetoonecf.com\/es\/#\/schema\/person\/dfdccf7eec9e6134b312c3325601c914"},"description":"LATAM se ha convertido en uno de los centros mundiales econ\u00f3micos por m\u00e9ritos propios. La actividad en M&A es un reflejo del buen momento. \u00a1Lee m\u00e1s!","breadcrumb":{"@id":"https:\/\/www.onetoonecf.com\/es\/como-fue-el-2013-en-el-mercado-del-ma-de-latam\/#breadcrumb"},"inLanguage":"es","potentialAction":[{"@type":"ReadAction","target":["https:\/\/www.onetoonecf.com\/es\/como-fue-el-2013-en-el-mercado-del-ma-de-latam\/"]}]},{"@type":"ImageObject","inLanguage":"es","@id":"https:\/\/www.onetoonecf.com\/es\/como-fue-el-2013-en-el-mercado-del-ma-de-latam\/#primaryimage","url":"https:\/\/www.onetoonecf.com\/wp-content\/uploads\/sites\/16\/2018\/08\/ghfbrdgbfc.jpg","contentUrl":"https:\/\/www.onetoonecf.com\/wp-content\/uploads\/sites\/16\/2018\/08\/ghfbrdgbfc.jpg","width":750,"height":342,"caption":"\u00bfC\u00f3mo fue el 2013 en el mercado del M&A de LATAM?"},{"@type":"BreadcrumbList","@id":"https:\/\/www.onetoonecf.com\/es\/como-fue-el-2013-en-el-mercado-del-ma-de-latam\/#breadcrumb","itemListElement":[{"@type":"ListItem","position":1,"name":"Home","item":"https:\/\/www.onetoonecf.com\/es\/new-home-2025\/"},{"@type":"ListItem","position":2,"name":"\u00bfC\u00f3mo fue el 2013 en el mercado del M&amp;A de LATAM?"}]},{"@type":"WebSite","@id":"https:\/\/www.onetoonecf.com\/es\/#website","url":"https:\/\/www.onetoonecf.com\/es\/","name":"ONEtoONE Corporate Finance","description":"","potentialAction":[{"@type":"SearchAction","target":{"@type":"EntryPoint","urlTemplate":"https:\/\/www.onetoonecf.com\/es\/?s={search_term_string}"},"query-input":{"@type":"PropertyValueSpecification","valueRequired":true,"valueName":"search_term_string"}}],"inLanguage":"es"},{"@type":"Person","@id":"https:\/\/www.onetoonecf.com\/es\/#\/schema\/person\/dfdccf7eec9e6134b312c3325601c914","name":"Abraham","image":{"@type":"ImageObject","inLanguage":"es","@id":"https:\/\/secure.gravatar.com\/avatar\/0b466caa50db826dacd52323d3d5fac6a15fa75ca28ec1ddcabc793422b39c7c?s=96&d=mm&r=g","url":"https:\/\/secure.gravatar.com\/avatar\/0b466caa50db826dacd52323d3d5fac6a15fa75ca28ec1ddcabc793422b39c7c?s=96&d=mm&r=g","contentUrl":"https:\/\/secure.gravatar.com\/avatar\/0b466caa50db826dacd52323d3d5fac6a15fa75ca28ec1ddcabc793422b39c7c?s=96&d=mm&r=g","caption":"Abraham"},"url":"https:\/\/www.onetoonecf.com\/es\/author\/abraham-garcia\/"}]}},"_links":{"self":[{"href":"https:\/\/www.onetoonecf.com\/es\/wp-json\/wp\/v2\/posts\/25096","targetHints":{"allow":["GET"]}}],"collection":[{"href":"https:\/\/www.onetoonecf.com\/es\/wp-json\/wp\/v2\/posts"}],"about":[{"href":"https:\/\/www.onetoonecf.com\/es\/wp-json\/wp\/v2\/types\/post"}],"author":[{"embeddable":true,"href":"https:\/\/www.onetoonecf.com\/es\/wp-json\/wp\/v2\/users\/17"}],"replies":[{"embeddable":true,"href":"https:\/\/www.onetoonecf.com\/es\/wp-json\/wp\/v2\/comments?post=25096"}],"version-history":[{"count":3,"href":"https:\/\/www.onetoonecf.com\/es\/wp-json\/wp\/v2\/posts\/25096\/revisions"}],"predecessor-version":[{"id":75239,"href":"https:\/\/www.onetoonecf.com\/es\/wp-json\/wp\/v2\/posts\/25096\/revisions\/75239"}],"wp:featuredmedia":[{"embeddable":true,"href":"https:\/\/www.onetoonecf.com\/es\/wp-json\/wp\/v2\/media\/25097"}],"wp:attachment":[{"href":"https:\/\/www.onetoonecf.com\/es\/wp-json\/wp\/v2\/media?parent=25096"}],"wp:term":[{"taxonomy":"category","embeddable":true,"href":"https:\/\/www.onetoonecf.com\/es\/wp-json\/wp\/v2\/categories?post=25096"},{"taxonomy":"post_tag","embeddable":true,"href":"https:\/\/www.onetoonecf.com\/es\/wp-json\/wp\/v2\/tags?post=25096"}],"curies":[{"name":"wp","href":"https:\/\/api.w.org\/{rel}","templated":true}]}}