{"id":3693,"date":"2014-11-27T09:22:54","date_gmt":"2014-11-27T08:22:54","guid":{"rendered":"http:\/\/ww3.onetoonecf.com\/fl\/?p=3693"},"modified":"2018-08-28T09:26:42","modified_gmt":"2018-08-28T09:26:42","slug":"claves-para-el-crecimiento-reindustrializacion-inversion-en-idi-tamano-y-tecnologia","status":"publish","type":"post","link":"https:\/\/www.onetoonecf.com\/es\/claves-para-el-crecimiento-reindustrializacion-inversion-en-idi-tamano-y-tecnologia\/","title":{"rendered":"Claves para el crecimiento: Reindustrializaci\u00f3n, Inversi\u00f3n en I+D+i, Tama\u00f1o y Tecnolog\u00eda."},"content":{"rendered":"<p><!--:es--><\/p>\n<p style=\"text-align: justify\">\u201cReindustrializar para ganar\u201d, as\u00ed se ha titulado el III Congreso Nacional de Directivos de APD celebrado en Bilbao el pasado Octubre. Un gran plantel de ponentes que han planteado diferentes teor\u00edas sobre el futuro del sector, provocando la reflexi\u00f3n de los que all\u00ed asistimos. Reflexiones que ahora quiero compartir en este art\u00edculo. \u00bfCu\u00e1l es la clave para el futuro del sector industrial?<\/p>\n<p style=\"text-align: justify\">En el conjunto de la econom\u00eda espa\u00f1ola, el sector industrial ha pasado de suponer el 34% del PIB en 1970, al 13% actual. En t\u00e9rminos generales los pa\u00edses europeos que mejor han resistido a la crisis han sido los que m\u00e1s han apostado por los sectores industriales. Para realizar este proceso de transformaci\u00f3n es importante que la econom\u00eda europea, y en especial la espa\u00f1ola, tenga en cuenta algunos aspectos importantes para poder realizar un cambio hacia un equilibrio m\u00e1s adecuado de los sectores que aportan volumen al PIB.<\/p>\n<p style=\"text-align: justify\">Existen dos conceptos que considero fundamentales para alcanzar dicho equilibrio y que van muy relacionados entre s\u00ed, como son el tama\u00f1o y la inversi\u00f3n en I+D+i. Como se coment\u00f3 en las jornadas, el 55% de los trabajadores en Espa\u00f1a est\u00e1n empleados en empresas de menos de 10 trabajadores, frente a menos de un 10% en Estados Unidos o un 20% en Alemania. Esta falta de tama\u00f1o de las compa\u00f1\u00edas espa\u00f1olas incide en tres aspectos que son fundamentales para los negocios: Productividad, Innovaci\u00f3n y Exportaci\u00f3n\/Internacionalizaci\u00f3n. Si algunos de estos tres aspectos fundamentales nos falla, seguro que vamos a tener un problema a medio plazo.<\/p>\n<p style=\"text-align: justify\">Cuando hacemos un an\u00e1lisis de la inversi\u00f3n espa\u00f1ola en I+D+i, vemos que apenas supone un 1% del PIB, frente al 3% en los pa\u00edses del Norte. As\u00ed la primera conclusi\u00f3n cuantitativa es evidente, nuestra inversi\u00f3n en I+D+i es muy baja. La empresa Espa\u00f1ola no invierte en I+D+i,pero \u00bfes esto cierto? Si tenemos en cuenta que el 95,7% de las empresas espa\u00f1olas tienen menos de 10 trabajadores, nos debemos fijar en cu\u00e1l es la inversi\u00f3n en las empresas medianas y grandes. Los datos demuestran que la inversi\u00f3n de estas compa\u00f1\u00edas es igual a la de sus colegas del norte. La empresa espa\u00f1ola no es que no invierta en I+D+i, el problema es que notienen tama\u00f1o para invertir y por lo tanto es necesario desarrollar medidas que impulsen los procesos de concentraci\u00f3n y fusi\u00f3n de las pymes espa\u00f1olas.<\/p>\n<p style=\"text-align: justify\">Otro de los aspectos que se trataron en el congreso, siendo fundamentales para el crecimiento de la econom\u00eda espa\u00f1ola y para la industria en particular, es la tecnolog\u00eda como el motor que debe soportar estos crecimientos. Hablar hoy en d\u00eda de Big Data es esencial para sectores como la banca y seguros, pero tambi\u00e9n para retail o comercio electr\u00f3nico, donde el conocimiento se obtiene desde la informaci\u00f3n. La utilizaci\u00f3n de nuevos materiales y la incorporaci\u00f3n de las TIC en los procesos industriales (que decir de la trasformaci\u00f3n de la impresi\u00f3n 3D) permitir\u00e1n producir m\u00e1s barato, y por lo tanto permitir\u00e1 seguir produciendo cerca de donde est\u00e1n los clientes. Si no integramos las TIC en nuestros procesos de negocio nos veremos abocados a una deslocalizaci\u00f3n sin vuelta atr\u00e1s.<\/p>\n<p style=\"text-align: justify\">Como vemos Reindustrializaci\u00f3n, Inversi\u00f3n en I+D+i, Tama\u00f1o y Tecnolog\u00eda son conceptos fundamentales para el proceso de cambio en el que estamos inmersos.<\/p>\n<p>Bernar de la Hera, Senior Manager de ONEtoONE Corporate Finance.<!--:--><!--:mx--><\/p>\n","protected":false},"excerpt":{"rendered":"<p>\u201cReindustrializar para ganar\u201d, as\u00ed se ha titulado el III Congreso Nacional de Directivos de APD celebrado en Bilbao el pasado Octubre. Un gran plantel de ponentes que han planteado diferentes teor\u00edas sobre el futuro del sector, provocando la reflexi\u00f3n de los que all\u00ed asistimos. Reflexiones que ahora quiero compartir en este art\u00edculo. \u00bfCu\u00e1l es la [&hellip;]<\/p>\n","protected":false},"author":4,"featured_media":3694,"comment_status":"open","ping_status":"open","sticky":false,"template":"","format":"standard","meta":{"_joinchat":[],"footnotes":""},"categories":[387],"tags":[],"class_list":["post-3693","post","type-post","status-publish","format-standard","has-post-thumbnail","hentry","category-estrategia-industrias-mercados"],"yoast_head":"<!-- This site is optimized with the Yoast SEO plugin v27.5 - https:\/\/yoast.com\/product\/yoast-seo-wordpress\/ -->\n<title>Claves para el crecimiento: Reindustrializaci\u00f3n, Inversi\u00f3n en I+D+i, Tama\u00f1o y Tecnolog\u00eda. - ONEtoONE Corporate Finance<\/title>\n<meta name=\"robots\" content=\"index, follow, max-snippet:-1, max-image-preview:large, max-video-preview:-1\" \/>\n<link rel=\"canonical\" href=\"https:\/\/www.onetoonecf.com\/es\/claves-para-el-crecimiento-reindustrializacion-inversion-en-idi-tamano-y-tecnologia\/\" \/>\n<meta property=\"og:locale\" content=\"es_ES\" \/>\n<meta property=\"og:type\" content=\"article\" \/>\n<meta property=\"og:title\" content=\"Claves para el crecimiento: Reindustrializaci\u00f3n, Inversi\u00f3n en I+D+i, Tama\u00f1o y Tecnolog\u00eda. - ONEtoONE Corporate Finance\" \/>\n<meta property=\"og:description\" content=\"\u201cReindustrializar para ganar\u201d, as\u00ed se ha titulado el III Congreso Nacional de Directivos de APD celebrado en Bilbao el pasado Octubre. Un gran plantel de ponentes que han planteado diferentes teor\u00edas sobre el futuro del sector, provocando la reflexi\u00f3n de los que all\u00ed asistimos. Reflexiones que ahora quiero compartir en este art\u00edculo. \u00bfCu\u00e1l es la [&hellip;]\" \/>\n<meta property=\"og:url\" content=\"https:\/\/www.onetoonecf.com\/es\/claves-para-el-crecimiento-reindustrializacion-inversion-en-idi-tamano-y-tecnologia\/\" \/>\n<meta property=\"og:site_name\" content=\"ONEtoONE Corporate Finance\" \/>\n<meta property=\"article:published_time\" content=\"2014-11-27T08:22:54+00:00\" \/>\n<meta property=\"article:modified_time\" content=\"2018-08-28T09:26:42+00:00\" \/>\n<meta property=\"og:image\" content=\"https:\/\/www.onetoonecf.com\/wp-content\/uploads\/sites\/16\/2014\/11\/bernar.jpg\" \/>\n\t<meta property=\"og:image:width\" content=\"750\" \/>\n\t<meta property=\"og:image:height\" content=\"342\" \/>\n\t<meta property=\"og:image:type\" content=\"image\/jpeg\" \/>\n<meta name=\"author\" content=\"lauracatalan\" \/>\n<meta name=\"twitter:card\" content=\"summary_large_image\" \/>\n<meta name=\"twitter:label1\" content=\"Escrito por\" \/>\n\t<meta name=\"twitter:data1\" content=\"lauracatalan\" \/>\n\t<meta name=\"twitter:label2\" content=\"Tiempo de lectura\" \/>\n\t<meta name=\"twitter:data2\" content=\"3 minutos\" \/>\n<script type=\"application\/ld+json\" class=\"yoast-schema-graph\">{\"@context\":\"https:\\\/\\\/schema.org\",\"@graph\":[{\"@type\":\"Article\",\"@id\":\"https:\\\/\\\/www.onetoonecf.com\\\/es\\\/claves-para-el-crecimiento-reindustrializacion-inversion-en-idi-tamano-y-tecnologia\\\/#article\",\"isPartOf\":{\"@id\":\"https:\\\/\\\/www.onetoonecf.com\\\/es\\\/claves-para-el-crecimiento-reindustrializacion-inversion-en-idi-tamano-y-tecnologia\\\/\"},\"author\":{\"name\":\"lauracatalan\",\"@id\":\"https:\\\/\\\/www.onetoonecf.com\\\/es\\\/#\\\/schema\\\/person\\\/d9a76871c13ec2a7d5bf2e68e6a791d5\"},\"headline\":\"Claves para el crecimiento: Reindustrializaci\u00f3n, Inversi\u00f3n en I+D+i, Tama\u00f1o y Tecnolog\u00eda.\",\"datePublished\":\"2014-11-27T08:22:54+00:00\",\"dateModified\":\"2018-08-28T09:26:42+00:00\",\"mainEntityOfPage\":{\"@id\":\"https:\\\/\\\/www.onetoonecf.com\\\/es\\\/claves-para-el-crecimiento-reindustrializacion-inversion-en-idi-tamano-y-tecnologia\\\/\"},\"wordCount\":628,\"commentCount\":1,\"image\":{\"@id\":\"https:\\\/\\\/www.onetoonecf.com\\\/es\\\/claves-para-el-crecimiento-reindustrializacion-inversion-en-idi-tamano-y-tecnologia\\\/#primaryimage\"},\"thumbnailUrl\":\"https:\\\/\\\/www.onetoonecf.com\\\/wp-content\\\/uploads\\\/sites\\\/16\\\/2014\\\/11\\\/bernar.jpg\",\"articleSection\":[\"Estrategia, Industrias y Mercados\"],\"inLanguage\":\"es\",\"potentialAction\":[{\"@type\":\"CommentAction\",\"name\":\"Comment\",\"target\":[\"https:\\\/\\\/www.onetoonecf.com\\\/es\\\/claves-para-el-crecimiento-reindustrializacion-inversion-en-idi-tamano-y-tecnologia\\\/#respond\"]}]},{\"@type\":\"WebPage\",\"@id\":\"https:\\\/\\\/www.onetoonecf.com\\\/es\\\/claves-para-el-crecimiento-reindustrializacion-inversion-en-idi-tamano-y-tecnologia\\\/\",\"url\":\"https:\\\/\\\/www.onetoonecf.com\\\/es\\\/claves-para-el-crecimiento-reindustrializacion-inversion-en-idi-tamano-y-tecnologia\\\/\",\"name\":\"Claves para el crecimiento: Reindustrializaci\u00f3n, Inversi\u00f3n en I+D+i, Tama\u00f1o y Tecnolog\u00eda. - ONEtoONE Corporate Finance\",\"isPartOf\":{\"@id\":\"https:\\\/\\\/www.onetoonecf.com\\\/es\\\/#website\"},\"primaryImageOfPage\":{\"@id\":\"https:\\\/\\\/www.onetoonecf.com\\\/es\\\/claves-para-el-crecimiento-reindustrializacion-inversion-en-idi-tamano-y-tecnologia\\\/#primaryimage\"},\"image\":{\"@id\":\"https:\\\/\\\/www.onetoonecf.com\\\/es\\\/claves-para-el-crecimiento-reindustrializacion-inversion-en-idi-tamano-y-tecnologia\\\/#primaryimage\"},\"thumbnailUrl\":\"https:\\\/\\\/www.onetoonecf.com\\\/wp-content\\\/uploads\\\/sites\\\/16\\\/2014\\\/11\\\/bernar.jpg\",\"datePublished\":\"2014-11-27T08:22:54+00:00\",\"dateModified\":\"2018-08-28T09:26:42+00:00\",\"author\":{\"@id\":\"https:\\\/\\\/www.onetoonecf.com\\\/es\\\/#\\\/schema\\\/person\\\/d9a76871c13ec2a7d5bf2e68e6a791d5\"},\"breadcrumb\":{\"@id\":\"https:\\\/\\\/www.onetoonecf.com\\\/es\\\/claves-para-el-crecimiento-reindustrializacion-inversion-en-idi-tamano-y-tecnologia\\\/#breadcrumb\"},\"inLanguage\":\"es\",\"potentialAction\":[{\"@type\":\"ReadAction\",\"target\":[\"https:\\\/\\\/www.onetoonecf.com\\\/es\\\/claves-para-el-crecimiento-reindustrializacion-inversion-en-idi-tamano-y-tecnologia\\\/\"]}]},{\"@type\":\"ImageObject\",\"inLanguage\":\"es\",\"@id\":\"https:\\\/\\\/www.onetoonecf.com\\\/es\\\/claves-para-el-crecimiento-reindustrializacion-inversion-en-idi-tamano-y-tecnologia\\\/#primaryimage\",\"url\":\"https:\\\/\\\/www.onetoonecf.com\\\/wp-content\\\/uploads\\\/sites\\\/16\\\/2014\\\/11\\\/bernar.jpg\",\"contentUrl\":\"https:\\\/\\\/www.onetoonecf.com\\\/wp-content\\\/uploads\\\/sites\\\/16\\\/2014\\\/11\\\/bernar.jpg\",\"width\":750,\"height\":342,\"caption\":\"Mergers & Acquisitions, Compraventa de empresas\"},{\"@type\":\"BreadcrumbList\",\"@id\":\"https:\\\/\\\/www.onetoonecf.com\\\/es\\\/claves-para-el-crecimiento-reindustrializacion-inversion-en-idi-tamano-y-tecnologia\\\/#breadcrumb\",\"itemListElement\":[{\"@type\":\"ListItem\",\"position\":1,\"name\":\"Home\",\"item\":\"https:\\\/\\\/www.onetoonecf.com\\\/es\\\/new-home-2025\\\/\"},{\"@type\":\"ListItem\",\"position\":2,\"name\":\"Claves para el crecimiento: Reindustrializaci\u00f3n, Inversi\u00f3n en I+D+i, Tama\u00f1o y Tecnolog\u00eda.\"}]},{\"@type\":\"WebSite\",\"@id\":\"https:\\\/\\\/www.onetoonecf.com\\\/es\\\/#website\",\"url\":\"https:\\\/\\\/www.onetoonecf.com\\\/es\\\/\",\"name\":\"ONEtoONE Corporate Finance\",\"description\":\"\",\"potentialAction\":[{\"@type\":\"SearchAction\",\"target\":{\"@type\":\"EntryPoint\",\"urlTemplate\":\"https:\\\/\\\/www.onetoonecf.com\\\/es\\\/?s={search_term_string}\"},\"query-input\":{\"@type\":\"PropertyValueSpecification\",\"valueRequired\":true,\"valueName\":\"search_term_string\"}}],\"inLanguage\":\"es\"},{\"@type\":\"Person\",\"@id\":\"https:\\\/\\\/www.onetoonecf.com\\\/es\\\/#\\\/schema\\\/person\\\/d9a76871c13ec2a7d5bf2e68e6a791d5\",\"name\":\"lauracatalan\",\"image\":{\"@type\":\"ImageObject\",\"inLanguage\":\"es\",\"@id\":\"https:\\\/\\\/secure.gravatar.com\\\/avatar\\\/c6f5ebf33c4369be99a0649f6a301fabac071e72ea3646f45109a4b1dda1c3e5?s=96&d=mm&r=g\",\"url\":\"https:\\\/\\\/secure.gravatar.com\\\/avatar\\\/c6f5ebf33c4369be99a0649f6a301fabac071e72ea3646f45109a4b1dda1c3e5?s=96&d=mm&r=g\",\"contentUrl\":\"https:\\\/\\\/secure.gravatar.com\\\/avatar\\\/c6f5ebf33c4369be99a0649f6a301fabac071e72ea3646f45109a4b1dda1c3e5?s=96&d=mm&r=g\",\"caption\":\"lauracatalan\"},\"url\":\"https:\\\/\\\/www.onetoonecf.com\\\/es\\\/author\\\/lauracatalan\\\/\"}]}<\/script>\n<!-- \/ Yoast SEO plugin. -->","yoast_head_json":{"title":"Claves para el crecimiento: Reindustrializaci\u00f3n, Inversi\u00f3n en I+D+i, Tama\u00f1o y Tecnolog\u00eda. - ONEtoONE Corporate Finance","robots":{"index":"index","follow":"follow","max-snippet":"max-snippet:-1","max-image-preview":"max-image-preview:large","max-video-preview":"max-video-preview:-1"},"canonical":"https:\/\/www.onetoonecf.com\/es\/claves-para-el-crecimiento-reindustrializacion-inversion-en-idi-tamano-y-tecnologia\/","og_locale":"es_ES","og_type":"article","og_title":"Claves para el crecimiento: Reindustrializaci\u00f3n, Inversi\u00f3n en I+D+i, Tama\u00f1o y Tecnolog\u00eda. - ONEtoONE Corporate Finance","og_description":"\u201cReindustrializar para ganar\u201d, as\u00ed se ha titulado el III Congreso Nacional de Directivos de APD celebrado en Bilbao el pasado Octubre. Un gran plantel de ponentes que han planteado diferentes teor\u00edas sobre el futuro del sector, provocando la reflexi\u00f3n de los que all\u00ed asistimos. Reflexiones que ahora quiero compartir en este art\u00edculo. \u00bfCu\u00e1l es la [&hellip;]","og_url":"https:\/\/www.onetoonecf.com\/es\/claves-para-el-crecimiento-reindustrializacion-inversion-en-idi-tamano-y-tecnologia\/","og_site_name":"ONEtoONE Corporate Finance","article_published_time":"2014-11-27T08:22:54+00:00","article_modified_time":"2018-08-28T09:26:42+00:00","og_image":[{"width":750,"height":342,"url":"https:\/\/www.onetoonecf.com\/wp-content\/uploads\/sites\/16\/2014\/11\/bernar.jpg","type":"image\/jpeg"}],"author":"lauracatalan","twitter_card":"summary_large_image","twitter_misc":{"Escrito por":"lauracatalan","Tiempo de lectura":"3 minutos"},"schema":{"@context":"https:\/\/schema.org","@graph":[{"@type":"Article","@id":"https:\/\/www.onetoonecf.com\/es\/claves-para-el-crecimiento-reindustrializacion-inversion-en-idi-tamano-y-tecnologia\/#article","isPartOf":{"@id":"https:\/\/www.onetoonecf.com\/es\/claves-para-el-crecimiento-reindustrializacion-inversion-en-idi-tamano-y-tecnologia\/"},"author":{"name":"lauracatalan","@id":"https:\/\/www.onetoonecf.com\/es\/#\/schema\/person\/d9a76871c13ec2a7d5bf2e68e6a791d5"},"headline":"Claves para el crecimiento: Reindustrializaci\u00f3n, Inversi\u00f3n en I+D+i, Tama\u00f1o y Tecnolog\u00eda.","datePublished":"2014-11-27T08:22:54+00:00","dateModified":"2018-08-28T09:26:42+00:00","mainEntityOfPage":{"@id":"https:\/\/www.onetoonecf.com\/es\/claves-para-el-crecimiento-reindustrializacion-inversion-en-idi-tamano-y-tecnologia\/"},"wordCount":628,"commentCount":1,"image":{"@id":"https:\/\/www.onetoonecf.com\/es\/claves-para-el-crecimiento-reindustrializacion-inversion-en-idi-tamano-y-tecnologia\/#primaryimage"},"thumbnailUrl":"https:\/\/www.onetoonecf.com\/wp-content\/uploads\/sites\/16\/2014\/11\/bernar.jpg","articleSection":["Estrategia, Industrias y Mercados"],"inLanguage":"es","potentialAction":[{"@type":"CommentAction","name":"Comment","target":["https:\/\/www.onetoonecf.com\/es\/claves-para-el-crecimiento-reindustrializacion-inversion-en-idi-tamano-y-tecnologia\/#respond"]}]},{"@type":"WebPage","@id":"https:\/\/www.onetoonecf.com\/es\/claves-para-el-crecimiento-reindustrializacion-inversion-en-idi-tamano-y-tecnologia\/","url":"https:\/\/www.onetoonecf.com\/es\/claves-para-el-crecimiento-reindustrializacion-inversion-en-idi-tamano-y-tecnologia\/","name":"Claves para el crecimiento: Reindustrializaci\u00f3n, Inversi\u00f3n en I+D+i, Tama\u00f1o y Tecnolog\u00eda. - ONEtoONE Corporate Finance","isPartOf":{"@id":"https:\/\/www.onetoonecf.com\/es\/#website"},"primaryImageOfPage":{"@id":"https:\/\/www.onetoonecf.com\/es\/claves-para-el-crecimiento-reindustrializacion-inversion-en-idi-tamano-y-tecnologia\/#primaryimage"},"image":{"@id":"https:\/\/www.onetoonecf.com\/es\/claves-para-el-crecimiento-reindustrializacion-inversion-en-idi-tamano-y-tecnologia\/#primaryimage"},"thumbnailUrl":"https:\/\/www.onetoonecf.com\/wp-content\/uploads\/sites\/16\/2014\/11\/bernar.jpg","datePublished":"2014-11-27T08:22:54+00:00","dateModified":"2018-08-28T09:26:42+00:00","author":{"@id":"https:\/\/www.onetoonecf.com\/es\/#\/schema\/person\/d9a76871c13ec2a7d5bf2e68e6a791d5"},"breadcrumb":{"@id":"https:\/\/www.onetoonecf.com\/es\/claves-para-el-crecimiento-reindustrializacion-inversion-en-idi-tamano-y-tecnologia\/#breadcrumb"},"inLanguage":"es","potentialAction":[{"@type":"ReadAction","target":["https:\/\/www.onetoonecf.com\/es\/claves-para-el-crecimiento-reindustrializacion-inversion-en-idi-tamano-y-tecnologia\/"]}]},{"@type":"ImageObject","inLanguage":"es","@id":"https:\/\/www.onetoonecf.com\/es\/claves-para-el-crecimiento-reindustrializacion-inversion-en-idi-tamano-y-tecnologia\/#primaryimage","url":"https:\/\/www.onetoonecf.com\/wp-content\/uploads\/sites\/16\/2014\/11\/bernar.jpg","contentUrl":"https:\/\/www.onetoonecf.com\/wp-content\/uploads\/sites\/16\/2014\/11\/bernar.jpg","width":750,"height":342,"caption":"Mergers & Acquisitions, Compraventa de empresas"},{"@type":"BreadcrumbList","@id":"https:\/\/www.onetoonecf.com\/es\/claves-para-el-crecimiento-reindustrializacion-inversion-en-idi-tamano-y-tecnologia\/#breadcrumb","itemListElement":[{"@type":"ListItem","position":1,"name":"Home","item":"https:\/\/www.onetoonecf.com\/es\/new-home-2025\/"},{"@type":"ListItem","position":2,"name":"Claves para el crecimiento: Reindustrializaci\u00f3n, Inversi\u00f3n en I+D+i, Tama\u00f1o y Tecnolog\u00eda."}]},{"@type":"WebSite","@id":"https:\/\/www.onetoonecf.com\/es\/#website","url":"https:\/\/www.onetoonecf.com\/es\/","name":"ONEtoONE Corporate Finance","description":"","potentialAction":[{"@type":"SearchAction","target":{"@type":"EntryPoint","urlTemplate":"https:\/\/www.onetoonecf.com\/es\/?s={search_term_string}"},"query-input":{"@type":"PropertyValueSpecification","valueRequired":true,"valueName":"search_term_string"}}],"inLanguage":"es"},{"@type":"Person","@id":"https:\/\/www.onetoonecf.com\/es\/#\/schema\/person\/d9a76871c13ec2a7d5bf2e68e6a791d5","name":"lauracatalan","image":{"@type":"ImageObject","inLanguage":"es","@id":"https:\/\/secure.gravatar.com\/avatar\/c6f5ebf33c4369be99a0649f6a301fabac071e72ea3646f45109a4b1dda1c3e5?s=96&d=mm&r=g","url":"https:\/\/secure.gravatar.com\/avatar\/c6f5ebf33c4369be99a0649f6a301fabac071e72ea3646f45109a4b1dda1c3e5?s=96&d=mm&r=g","contentUrl":"https:\/\/secure.gravatar.com\/avatar\/c6f5ebf33c4369be99a0649f6a301fabac071e72ea3646f45109a4b1dda1c3e5?s=96&d=mm&r=g","caption":"lauracatalan"},"url":"https:\/\/www.onetoonecf.com\/es\/author\/lauracatalan\/"}]}},"_links":{"self":[{"href":"https:\/\/www.onetoonecf.com\/es\/wp-json\/wp\/v2\/posts\/3693","targetHints":{"allow":["GET"]}}],"collection":[{"href":"https:\/\/www.onetoonecf.com\/es\/wp-json\/wp\/v2\/posts"}],"about":[{"href":"https:\/\/www.onetoonecf.com\/es\/wp-json\/wp\/v2\/types\/post"}],"author":[{"embeddable":true,"href":"https:\/\/www.onetoonecf.com\/es\/wp-json\/wp\/v2\/users\/4"}],"replies":[{"embeddable":true,"href":"https:\/\/www.onetoonecf.com\/es\/wp-json\/wp\/v2\/comments?post=3693"}],"version-history":[{"count":3,"href":"https:\/\/www.onetoonecf.com\/es\/wp-json\/wp\/v2\/posts\/3693\/revisions"}],"predecessor-version":[{"id":25167,"href":"https:\/\/www.onetoonecf.com\/es\/wp-json\/wp\/v2\/posts\/3693\/revisions\/25167"}],"wp:featuredmedia":[{"embeddable":true,"href":"https:\/\/www.onetoonecf.com\/es\/wp-json\/wp\/v2\/media\/3694"}],"wp:attachment":[{"href":"https:\/\/www.onetoonecf.com\/es\/wp-json\/wp\/v2\/media?parent=3693"}],"wp:term":[{"taxonomy":"category","embeddable":true,"href":"https:\/\/www.onetoonecf.com\/es\/wp-json\/wp\/v2\/categories?post=3693"},{"taxonomy":"post_tag","embeddable":true,"href":"https:\/\/www.onetoonecf.com\/es\/wp-json\/wp\/v2\/tags?post=3693"}],"curies":[{"name":"wp","href":"https:\/\/api.w.org\/{rel}","templated":true}]}}