{"id":4378,"date":"2015-06-03T10:26:24","date_gmt":"2015-06-03T09:26:24","guid":{"rendered":"http:\/\/ww3.onetoonecf.com\/mx\/?p=4378"},"modified":"2021-12-15T12:29:52","modified_gmt":"2021-12-15T11:29:52","slug":"espanol-es-el-mejor-momento-para-vender-mi-empresa","status":"publish","type":"post","link":"https:\/\/www.onetoonecf.com\/es\/espanol-es-el-mejor-momento-para-vender-mi-empresa\/","title":{"rendered":"\u00bfEs el mejor momento para vender mi empresa?"},"content":{"rendered":"<p><!--:es--><\/p>\n<p style=\"text-align: justify;\">No se trata de un simple \u00abahora o nunca\u00bb. <strong style=\"line-height: 1.5em;\">El momento de la venta de una empresa no puede guiarse por una frase tan impulsiva<\/strong>. Toda compa\u00f1\u00eda tiene un momento \u00f3ptimo para ser vendida y es vital esforzarse en descubrirlo para maximizar su valor. S\u00ed, es un ahora o nunca, pero razonado.<\/p>\n<p style=\"text-align: justify;\">En los \u00faltimos a\u00f1os, especialmente a causa de la globalizaci\u00f3n y las mejoras en los medios de transporte de productos y servicios, junto con las presiones competitivas han acelerado la necesidad de <strong style=\"line-height: 1.5em;\">ser r\u00e1pido en identificar el momento oportuno para desprenderse de la empresa<\/strong>.<\/p>\n<p style=\"text-align: justify;\">Un factor que afecta enormemente al entorno competitivo es la revoluci\u00f3n tecnol\u00f3gica en la que estamos inmersos, con cambios que redefinen la cadena de valor de las industrias. <strong style=\"line-height: 1.5em;\">As\u00ed nos encontramos ante muchos empresarios que han ganado dinero de manera constante durante a\u00f1os<\/strong> y que ahora les resulta muy dif\u00edcil aceptar que tienen que cambiar su modelo de negocio. No son capaces de reaccionar hasta que es demasiado tarde. Han perdido su \u00abahora\u00bb y quiz\u00e1 \u00abnunca\u00bb se les vuelva a presentar un momento tan bueno para la venta de sus empresas.<\/p>\n<p style=\"text-align: justify;\"><strong style=\"line-height: 1.5em;\">La venta de una compa\u00f1\u00eda es una de las decisiones m\u00e1s importantes que un empresario toma en su vida empresarial<\/strong>. Debido a ello, aunque tenga poderosos motivos para hacerlo, en muchas ocasiones \u00e9l mismo busca excusas y argumentos para no dar el paso que en su interior sabe que le conviene.<\/p>\n<p style=\"text-align: justify;\">Si percibes que se est\u00e1 produciendo un cambio que est\u00e1 alterando las fuerzas competitivas en tu sector, <strong style=\"line-height: 1.5em;\">puede ser el momento de tomar una decisi\u00f3n vital<\/strong>. No vender una empresa cuando hay poderosas razones para ello puede acabar implicando una p\u00e9rdida de valor, su cierre o simplemente la p\u00e9rdida de una ventana de oportunidad concreta de maximizar el precio de las acciones.<\/p>\n<p><a href=\"https:\/\/www.onetoonecf.com\/es\/compraventa-empresas-quien\/\"><img fetchpriority=\"high\" decoding=\"async\" class=\"aligncenter wp-image-74825\" src=\"https:\/\/www.onetoonecf.com\/wp-content\/uploads\/sites\/16\/2016\/10\/La-confidencialidad-en-el-mundo-de-la-compraventa-de-empresas-es-mucho-mas-que-guardar-un-secreto-1-150x150.png\" alt=\"\" width=\"1075\" height=\"150\" srcset=\"https:\/\/www.onetoonecf.com\/wp-content\/uploads\/sites\/16\/2016\/10\/La-confidencialidad-en-el-mundo-de-la-compraventa-de-empresas-es-mucho-mas-que-guardar-un-secreto-1-300x42.png 300w, https:\/\/www.onetoonecf.com\/wp-content\/uploads\/sites\/16\/2016\/10\/La-confidencialidad-en-el-mundo-de-la-compraventa-de-empresas-es-mucho-mas-que-guardar-un-secreto-1-768x107.png 768w, https:\/\/www.onetoonecf.com\/wp-content\/uploads\/sites\/16\/2016\/10\/La-confidencialidad-en-el-mundo-de-la-compraventa-de-empresas-es-mucho-mas-que-guardar-un-secreto-1.png 1075w\" sizes=\"(max-width: 1075px) 100vw, 1075px\" \/>\u00a0<\/a><\/p>\n<p style=\"text-align: justify;\"><strong style=\"line-height: 1.5em;\">Un 70 por ciento de las empresas familiares no pasan a la siguiente generaci\u00f3n<\/strong>. La alta mortalidad de las empresas se debe, entre otras razones, a la falta de planificaci\u00f3n en la transmisi\u00f3n, la ausencia de un sucesor competente, el fracaso o el agotamiento de un negocio o de un sector, las dificultades familiares, las peleas entre socios, la falta de capital o la falta de financiaci\u00f3n.<\/p>\n<p style=\"text-align: justify;\">Muchos cierres de empresas se podr\u00edan evitar si el empresario supiera entender su propio entorno y actuar en el momento adecuado para desprenderse de su empresa.<\/p>\n<p style=\"text-align: justify;\">Aparte de los elementos competitivos o de circunstancias en el ciclo vital de los propietarios, hay momentos en los que los precios que se pagan son superiores al valor que realmente tiene la empresa. Surge entonces la oportunidad de subirse a este ciclo alcista y maximizar valor.<\/p>\n<p style=\"text-align: justify;\">Ahora <strong style=\"line-height: 1.5em;\">estamos en un ciclo de precios al alza y ello es as\u00ed porque cuando las bolsas est\u00e1n altas, las empresas valen m\u00e1s<\/strong> pues los compradores pueden pagar m\u00faltiplos superiores y sus mismos precios elevados son referencia para la adquisici\u00f3n.<\/p>\n<p style=\"text-align: justify;\">Hoy, como consecuencia del helic\u00f3ptero monetario global generado por los bancos centrales (quantitative easing), estamos viviendo una <strong style=\"line-height: 1.5em;\">gran liquidez en los mercados<\/strong> y como consecuencia una inflaci\u00f3n del precio de los activos, entre otros de las acciones de las empresas.<\/p>\n<p style=\"text-align: justify;\">El empresario inteligente es aquel que sabe <strong style=\"line-height: 1.5em;\">aprovechar estos ciclos alcistas y vender cuando se pagan m\u00faltiplos elevados<\/strong>.<\/p>\n<p><img decoding=\"async\" class=\"size-thumbnail wp-image-73892 alignleft\" src=\"https:\/\/www.onetoonecf.com\/wp-content\/uploads\/sites\/16\/2018\/04\/Enrique-quemada-150x150.jpg\" alt=\"\" width=\"150\" height=\"150\" srcset=\"https:\/\/www.onetoonecf.com\/wp-content\/uploads\/sites\/16\/2018\/04\/Enrique-quemada-150x150.jpg 150w, https:\/\/www.onetoonecf.com\/wp-content\/uploads\/sites\/16\/2018\/04\/Enrique-quemada-32x32.jpg 32w, https:\/\/www.onetoonecf.com\/wp-content\/uploads\/sites\/16\/2018\/04\/Enrique-quemada.jpg 189w\" sizes=\"(max-width: 150px) 100vw, 150px\" \/><\/p>\n<p style=\"text-align: justify;\">Art\u00edculo escrito por Enrique Quemada, Presidente de ONEtoONE Corporate Finance, publicado en <a href=\"http:\/\/www.finanzas.com\">Finanzas.com<\/a><\/p>\n<p><!--:--><!--:mx--><\/p>\n","protected":false},"excerpt":{"rendered":"<p>No se trata de un simple \u00abahora o nunca\u00bb. El momento de la venta de una empresa no puede guiarse por una frase tan impulsiva. Toda compa\u00f1\u00eda tiene un momento \u00f3ptimo para ser vendida y es vital esforzarse en descubrirlo para maximizar su valor. S\u00ed, es un ahora o nunca, pero razonado. En los \u00faltimos [&hellip;]<\/p>\n","protected":false},"author":4,"featured_media":4379,"comment_status":"open","ping_status":"open","sticky":false,"template":"","format":"standard","meta":{"_joinchat":[],"footnotes":""},"categories":[386],"tags":[],"class_list":["post-4378","post","type-post","status-publish","format-standard","has-post-thumbnail","hentry","category-estrategia-de-ma"],"yoast_head":"<!-- This site is optimized with the Yoast SEO plugin v27.5 - https:\/\/yoast.com\/product\/yoast-seo-wordpress\/ -->\n<title>\u00bfEs el mejor momento para vender mi empresa? - ONEtoONE Corporate Finance<\/title>\n<meta name=\"robots\" content=\"index, follow, max-snippet:-1, max-image-preview:large, max-video-preview:-1\" \/>\n<link rel=\"canonical\" href=\"https:\/\/www.onetoonecf.com\/es\/espanol-es-el-mejor-momento-para-vender-mi-empresa\/\" \/>\n<meta property=\"og:locale\" content=\"es_ES\" \/>\n<meta property=\"og:type\" content=\"article\" \/>\n<meta property=\"og:title\" content=\"\u00bfEs el mejor momento para vender mi empresa? - ONEtoONE Corporate Finance\" \/>\n<meta property=\"og:description\" content=\"No se trata de un simple \u00abahora o nunca\u00bb. El momento de la venta de una empresa no puede guiarse por una frase tan impulsiva. Toda compa\u00f1\u00eda tiene un momento \u00f3ptimo para ser vendida y es vital esforzarse en descubrirlo para maximizar su valor. S\u00ed, es un ahora o nunca, pero razonado. En los \u00faltimos [&hellip;]\" \/>\n<meta property=\"og:url\" content=\"https:\/\/www.onetoonecf.com\/es\/espanol-es-el-mejor-momento-para-vender-mi-empresa\/\" \/>\n<meta property=\"og:site_name\" content=\"ONEtoONE Corporate Finance\" \/>\n<meta property=\"article:published_time\" content=\"2015-06-03T09:26:24+00:00\" \/>\n<meta property=\"article:modified_time\" content=\"2021-12-15T11:29:52+00:00\" \/>\n<meta property=\"og:image\" content=\"https:\/\/www.onetoonecf.com\/wp-content\/uploads\/sites\/16\/2015\/06\/blog_onetoone_compraventaempresas_tiempo_vender_miempresa.jpg\" \/>\n\t<meta property=\"og:image:width\" content=\"750\" \/>\n\t<meta property=\"og:image:height\" content=\"342\" \/>\n\t<meta property=\"og:image:type\" content=\"image\/jpeg\" \/>\n<meta name=\"author\" content=\"lauracatalan\" \/>\n<meta name=\"twitter:card\" content=\"summary_large_image\" \/>\n<meta name=\"twitter:label1\" content=\"Escrito por\" \/>\n\t<meta name=\"twitter:data1\" content=\"lauracatalan\" \/>\n\t<meta name=\"twitter:label2\" content=\"Tiempo de lectura\" \/>\n\t<meta name=\"twitter:data2\" content=\"3 minutos\" \/>\n<script type=\"application\/ld+json\" class=\"yoast-schema-graph\">{\"@context\":\"https:\\\/\\\/schema.org\",\"@graph\":[{\"@type\":\"Article\",\"@id\":\"https:\\\/\\\/www.onetoonecf.com\\\/es\\\/espanol-es-el-mejor-momento-para-vender-mi-empresa\\\/#article\",\"isPartOf\":{\"@id\":\"https:\\\/\\\/www.onetoonecf.com\\\/es\\\/espanol-es-el-mejor-momento-para-vender-mi-empresa\\\/\"},\"author\":{\"name\":\"lauracatalan\",\"@id\":\"https:\\\/\\\/www.onetoonecf.com\\\/es\\\/#\\\/schema\\\/person\\\/d9a76871c13ec2a7d5bf2e68e6a791d5\"},\"headline\":\"\u00bfEs el mejor momento para vender mi empresa?\",\"datePublished\":\"2015-06-03T09:26:24+00:00\",\"dateModified\":\"2021-12-15T11:29:52+00:00\",\"mainEntityOfPage\":{\"@id\":\"https:\\\/\\\/www.onetoonecf.com\\\/es\\\/espanol-es-el-mejor-momento-para-vender-mi-empresa\\\/\"},\"wordCount\":585,\"commentCount\":1,\"image\":{\"@id\":\"https:\\\/\\\/www.onetoonecf.com\\\/es\\\/espanol-es-el-mejor-momento-para-vender-mi-empresa\\\/#primaryimage\"},\"thumbnailUrl\":\"https:\\\/\\\/www.onetoonecf.com\\\/wp-content\\\/uploads\\\/sites\\\/16\\\/2015\\\/06\\\/blog_onetoone_compraventaempresas_tiempo_vender_miempresa.jpg\",\"articleSection\":[\"Estrategia de M&amp;A\"],\"inLanguage\":\"es\",\"potentialAction\":[{\"@type\":\"CommentAction\",\"name\":\"Comment\",\"target\":[\"https:\\\/\\\/www.onetoonecf.com\\\/es\\\/espanol-es-el-mejor-momento-para-vender-mi-empresa\\\/#respond\"]}]},{\"@type\":\"WebPage\",\"@id\":\"https:\\\/\\\/www.onetoonecf.com\\\/es\\\/espanol-es-el-mejor-momento-para-vender-mi-empresa\\\/\",\"url\":\"https:\\\/\\\/www.onetoonecf.com\\\/es\\\/espanol-es-el-mejor-momento-para-vender-mi-empresa\\\/\",\"name\":\"\u00bfEs el mejor momento para vender mi empresa? - ONEtoONE Corporate Finance\",\"isPartOf\":{\"@id\":\"https:\\\/\\\/www.onetoonecf.com\\\/es\\\/#website\"},\"primaryImageOfPage\":{\"@id\":\"https:\\\/\\\/www.onetoonecf.com\\\/es\\\/espanol-es-el-mejor-momento-para-vender-mi-empresa\\\/#primaryimage\"},\"image\":{\"@id\":\"https:\\\/\\\/www.onetoonecf.com\\\/es\\\/espanol-es-el-mejor-momento-para-vender-mi-empresa\\\/#primaryimage\"},\"thumbnailUrl\":\"https:\\\/\\\/www.onetoonecf.com\\\/wp-content\\\/uploads\\\/sites\\\/16\\\/2015\\\/06\\\/blog_onetoone_compraventaempresas_tiempo_vender_miempresa.jpg\",\"datePublished\":\"2015-06-03T09:26:24+00:00\",\"dateModified\":\"2021-12-15T11:29:52+00:00\",\"author\":{\"@id\":\"https:\\\/\\\/www.onetoonecf.com\\\/es\\\/#\\\/schema\\\/person\\\/d9a76871c13ec2a7d5bf2e68e6a791d5\"},\"breadcrumb\":{\"@id\":\"https:\\\/\\\/www.onetoonecf.com\\\/es\\\/espanol-es-el-mejor-momento-para-vender-mi-empresa\\\/#breadcrumb\"},\"inLanguage\":\"es\",\"potentialAction\":[{\"@type\":\"ReadAction\",\"target\":[\"https:\\\/\\\/www.onetoonecf.com\\\/es\\\/espanol-es-el-mejor-momento-para-vender-mi-empresa\\\/\"]}]},{\"@type\":\"ImageObject\",\"inLanguage\":\"es\",\"@id\":\"https:\\\/\\\/www.onetoonecf.com\\\/es\\\/espanol-es-el-mejor-momento-para-vender-mi-empresa\\\/#primaryimage\",\"url\":\"https:\\\/\\\/www.onetoonecf.com\\\/wp-content\\\/uploads\\\/sites\\\/16\\\/2015\\\/06\\\/blog_onetoone_compraventaempresas_tiempo_vender_miempresa.jpg\",\"contentUrl\":\"https:\\\/\\\/www.onetoonecf.com\\\/wp-content\\\/uploads\\\/sites\\\/16\\\/2015\\\/06\\\/blog_onetoone_compraventaempresas_tiempo_vender_miempresa.jpg\",\"width\":750,\"height\":342,\"caption\":\"Mergers & Acquisitions, Compraventa de empresas\"},{\"@type\":\"BreadcrumbList\",\"@id\":\"https:\\\/\\\/www.onetoonecf.com\\\/es\\\/espanol-es-el-mejor-momento-para-vender-mi-empresa\\\/#breadcrumb\",\"itemListElement\":[{\"@type\":\"ListItem\",\"position\":1,\"name\":\"Home\",\"item\":\"https:\\\/\\\/www.onetoonecf.com\\\/es\\\/new-home-2025\\\/\"},{\"@type\":\"ListItem\",\"position\":2,\"name\":\"\u00bfEs el mejor momento para vender mi empresa?\"}]},{\"@type\":\"WebSite\",\"@id\":\"https:\\\/\\\/www.onetoonecf.com\\\/es\\\/#website\",\"url\":\"https:\\\/\\\/www.onetoonecf.com\\\/es\\\/\",\"name\":\"ONEtoONE Corporate Finance\",\"description\":\"\",\"potentialAction\":[{\"@type\":\"SearchAction\",\"target\":{\"@type\":\"EntryPoint\",\"urlTemplate\":\"https:\\\/\\\/www.onetoonecf.com\\\/es\\\/?s={search_term_string}\"},\"query-input\":{\"@type\":\"PropertyValueSpecification\",\"valueRequired\":true,\"valueName\":\"search_term_string\"}}],\"inLanguage\":\"es\"},{\"@type\":\"Person\",\"@id\":\"https:\\\/\\\/www.onetoonecf.com\\\/es\\\/#\\\/schema\\\/person\\\/d9a76871c13ec2a7d5bf2e68e6a791d5\",\"name\":\"lauracatalan\",\"image\":{\"@type\":\"ImageObject\",\"inLanguage\":\"es\",\"@id\":\"https:\\\/\\\/secure.gravatar.com\\\/avatar\\\/c6f5ebf33c4369be99a0649f6a301fabac071e72ea3646f45109a4b1dda1c3e5?s=96&d=mm&r=g\",\"url\":\"https:\\\/\\\/secure.gravatar.com\\\/avatar\\\/c6f5ebf33c4369be99a0649f6a301fabac071e72ea3646f45109a4b1dda1c3e5?s=96&d=mm&r=g\",\"contentUrl\":\"https:\\\/\\\/secure.gravatar.com\\\/avatar\\\/c6f5ebf33c4369be99a0649f6a301fabac071e72ea3646f45109a4b1dda1c3e5?s=96&d=mm&r=g\",\"caption\":\"lauracatalan\"},\"url\":\"https:\\\/\\\/www.onetoonecf.com\\\/es\\\/author\\\/lauracatalan\\\/\"}]}<\/script>\n<!-- \/ Yoast SEO plugin. -->","yoast_head_json":{"title":"\u00bfEs el mejor momento para vender mi empresa? - ONEtoONE Corporate Finance","robots":{"index":"index","follow":"follow","max-snippet":"max-snippet:-1","max-image-preview":"max-image-preview:large","max-video-preview":"max-video-preview:-1"},"canonical":"https:\/\/www.onetoonecf.com\/es\/espanol-es-el-mejor-momento-para-vender-mi-empresa\/","og_locale":"es_ES","og_type":"article","og_title":"\u00bfEs el mejor momento para vender mi empresa? - ONEtoONE Corporate Finance","og_description":"No se trata de un simple \u00abahora o nunca\u00bb. El momento de la venta de una empresa no puede guiarse por una frase tan impulsiva. Toda compa\u00f1\u00eda tiene un momento \u00f3ptimo para ser vendida y es vital esforzarse en descubrirlo para maximizar su valor. S\u00ed, es un ahora o nunca, pero razonado. En los \u00faltimos [&hellip;]","og_url":"https:\/\/www.onetoonecf.com\/es\/espanol-es-el-mejor-momento-para-vender-mi-empresa\/","og_site_name":"ONEtoONE Corporate Finance","article_published_time":"2015-06-03T09:26:24+00:00","article_modified_time":"2021-12-15T11:29:52+00:00","og_image":[{"width":750,"height":342,"url":"https:\/\/www.onetoonecf.com\/wp-content\/uploads\/sites\/16\/2015\/06\/blog_onetoone_compraventaempresas_tiempo_vender_miempresa.jpg","type":"image\/jpeg"}],"author":"lauracatalan","twitter_card":"summary_large_image","twitter_misc":{"Escrito por":"lauracatalan","Tiempo de lectura":"3 minutos"},"schema":{"@context":"https:\/\/schema.org","@graph":[{"@type":"Article","@id":"https:\/\/www.onetoonecf.com\/es\/espanol-es-el-mejor-momento-para-vender-mi-empresa\/#article","isPartOf":{"@id":"https:\/\/www.onetoonecf.com\/es\/espanol-es-el-mejor-momento-para-vender-mi-empresa\/"},"author":{"name":"lauracatalan","@id":"https:\/\/www.onetoonecf.com\/es\/#\/schema\/person\/d9a76871c13ec2a7d5bf2e68e6a791d5"},"headline":"\u00bfEs el mejor momento para vender mi empresa?","datePublished":"2015-06-03T09:26:24+00:00","dateModified":"2021-12-15T11:29:52+00:00","mainEntityOfPage":{"@id":"https:\/\/www.onetoonecf.com\/es\/espanol-es-el-mejor-momento-para-vender-mi-empresa\/"},"wordCount":585,"commentCount":1,"image":{"@id":"https:\/\/www.onetoonecf.com\/es\/espanol-es-el-mejor-momento-para-vender-mi-empresa\/#primaryimage"},"thumbnailUrl":"https:\/\/www.onetoonecf.com\/wp-content\/uploads\/sites\/16\/2015\/06\/blog_onetoone_compraventaempresas_tiempo_vender_miempresa.jpg","articleSection":["Estrategia de M&amp;A"],"inLanguage":"es","potentialAction":[{"@type":"CommentAction","name":"Comment","target":["https:\/\/www.onetoonecf.com\/es\/espanol-es-el-mejor-momento-para-vender-mi-empresa\/#respond"]}]},{"@type":"WebPage","@id":"https:\/\/www.onetoonecf.com\/es\/espanol-es-el-mejor-momento-para-vender-mi-empresa\/","url":"https:\/\/www.onetoonecf.com\/es\/espanol-es-el-mejor-momento-para-vender-mi-empresa\/","name":"\u00bfEs el mejor momento para vender mi empresa? - ONEtoONE Corporate Finance","isPartOf":{"@id":"https:\/\/www.onetoonecf.com\/es\/#website"},"primaryImageOfPage":{"@id":"https:\/\/www.onetoonecf.com\/es\/espanol-es-el-mejor-momento-para-vender-mi-empresa\/#primaryimage"},"image":{"@id":"https:\/\/www.onetoonecf.com\/es\/espanol-es-el-mejor-momento-para-vender-mi-empresa\/#primaryimage"},"thumbnailUrl":"https:\/\/www.onetoonecf.com\/wp-content\/uploads\/sites\/16\/2015\/06\/blog_onetoone_compraventaempresas_tiempo_vender_miempresa.jpg","datePublished":"2015-06-03T09:26:24+00:00","dateModified":"2021-12-15T11:29:52+00:00","author":{"@id":"https:\/\/www.onetoonecf.com\/es\/#\/schema\/person\/d9a76871c13ec2a7d5bf2e68e6a791d5"},"breadcrumb":{"@id":"https:\/\/www.onetoonecf.com\/es\/espanol-es-el-mejor-momento-para-vender-mi-empresa\/#breadcrumb"},"inLanguage":"es","potentialAction":[{"@type":"ReadAction","target":["https:\/\/www.onetoonecf.com\/es\/espanol-es-el-mejor-momento-para-vender-mi-empresa\/"]}]},{"@type":"ImageObject","inLanguage":"es","@id":"https:\/\/www.onetoonecf.com\/es\/espanol-es-el-mejor-momento-para-vender-mi-empresa\/#primaryimage","url":"https:\/\/www.onetoonecf.com\/wp-content\/uploads\/sites\/16\/2015\/06\/blog_onetoone_compraventaempresas_tiempo_vender_miempresa.jpg","contentUrl":"https:\/\/www.onetoonecf.com\/wp-content\/uploads\/sites\/16\/2015\/06\/blog_onetoone_compraventaempresas_tiempo_vender_miempresa.jpg","width":750,"height":342,"caption":"Mergers & Acquisitions, Compraventa de empresas"},{"@type":"BreadcrumbList","@id":"https:\/\/www.onetoonecf.com\/es\/espanol-es-el-mejor-momento-para-vender-mi-empresa\/#breadcrumb","itemListElement":[{"@type":"ListItem","position":1,"name":"Home","item":"https:\/\/www.onetoonecf.com\/es\/new-home-2025\/"},{"@type":"ListItem","position":2,"name":"\u00bfEs el mejor momento para vender mi empresa?"}]},{"@type":"WebSite","@id":"https:\/\/www.onetoonecf.com\/es\/#website","url":"https:\/\/www.onetoonecf.com\/es\/","name":"ONEtoONE Corporate Finance","description":"","potentialAction":[{"@type":"SearchAction","target":{"@type":"EntryPoint","urlTemplate":"https:\/\/www.onetoonecf.com\/es\/?s={search_term_string}"},"query-input":{"@type":"PropertyValueSpecification","valueRequired":true,"valueName":"search_term_string"}}],"inLanguage":"es"},{"@type":"Person","@id":"https:\/\/www.onetoonecf.com\/es\/#\/schema\/person\/d9a76871c13ec2a7d5bf2e68e6a791d5","name":"lauracatalan","image":{"@type":"ImageObject","inLanguage":"es","@id":"https:\/\/secure.gravatar.com\/avatar\/c6f5ebf33c4369be99a0649f6a301fabac071e72ea3646f45109a4b1dda1c3e5?s=96&d=mm&r=g","url":"https:\/\/secure.gravatar.com\/avatar\/c6f5ebf33c4369be99a0649f6a301fabac071e72ea3646f45109a4b1dda1c3e5?s=96&d=mm&r=g","contentUrl":"https:\/\/secure.gravatar.com\/avatar\/c6f5ebf33c4369be99a0649f6a301fabac071e72ea3646f45109a4b1dda1c3e5?s=96&d=mm&r=g","caption":"lauracatalan"},"url":"https:\/\/www.onetoonecf.com\/es\/author\/lauracatalan\/"}]}},"_links":{"self":[{"href":"https:\/\/www.onetoonecf.com\/es\/wp-json\/wp\/v2\/posts\/4378","targetHints":{"allow":["GET"]}}],"collection":[{"href":"https:\/\/www.onetoonecf.com\/es\/wp-json\/wp\/v2\/posts"}],"about":[{"href":"https:\/\/www.onetoonecf.com\/es\/wp-json\/wp\/v2\/types\/post"}],"author":[{"embeddable":true,"href":"https:\/\/www.onetoonecf.com\/es\/wp-json\/wp\/v2\/users\/4"}],"replies":[{"embeddable":true,"href":"https:\/\/www.onetoonecf.com\/es\/wp-json\/wp\/v2\/comments?post=4378"}],"version-history":[{"count":4,"href":"https:\/\/www.onetoonecf.com\/es\/wp-json\/wp\/v2\/posts\/4378\/revisions"}],"predecessor-version":[{"id":90624,"href":"https:\/\/www.onetoonecf.com\/es\/wp-json\/wp\/v2\/posts\/4378\/revisions\/90624"}],"wp:featuredmedia":[{"embeddable":true,"href":"https:\/\/www.onetoonecf.com\/es\/wp-json\/wp\/v2\/media\/4379"}],"wp:attachment":[{"href":"https:\/\/www.onetoonecf.com\/es\/wp-json\/wp\/v2\/media?parent=4378"}],"wp:term":[{"taxonomy":"category","embeddable":true,"href":"https:\/\/www.onetoonecf.com\/es\/wp-json\/wp\/v2\/categories?post=4378"},{"taxonomy":"post_tag","embeddable":true,"href":"https:\/\/www.onetoonecf.com\/es\/wp-json\/wp\/v2\/tags?post=4378"}],"curies":[{"name":"wp","href":"https:\/\/api.w.org\/{rel}","templated":true}]}}