{"id":4423,"date":"2015-07-15T14:49:34","date_gmt":"2015-07-15T13:49:34","guid":{"rendered":"http:\/\/ww3.onetoonecf.com\/es\/?p=4423"},"modified":"2021-02-15T17:51:00","modified_gmt":"2021-02-15T16:51:00","slug":"espanol-el-sector-tecnologico-espanol-acelerara-su-actividad-en-ma-en-2015","status":"publish","type":"post","link":"https:\/\/www.onetoonecf.com\/es\/espanol-el-sector-tecnologico-espanol-acelerara-su-actividad-en-ma-en-2015\/","title":{"rendered":"El sector tecnol\u00f3gico espa\u00f1ol acelerar\u00e1 su actividad en M&amp;A en 2015"},"content":{"rendered":"<p>ONEtoONE ha elaborado la segunda edici\u00f3n del Informe sobre la actividad corporativa en el sector TI espa\u00f1ol titulado <strong>\u201cEl crecimiento corporativo como alternativa para el sector tecnol\u00f3gico\u201d<\/strong>, donde se muestra una radiograf\u00eda sectorial as\u00ed como un an\u00e1lisis de las tendencias y conclusiones en futuros procesos de M&amp;A.<\/p>\n<p>El estudio desarrollado por <strong><a href=\"https:\/\/www.onetoonecf.com\/es\/oner-details\/?Id_users=135\" target=\"_blank\" rel=\"noopener\">Bernar de la Hera, ICT Specialist de ONEtoONE<\/a><\/strong> y <strong><a href=\"https:\/\/www.onetoonecf.com\/es\/oner-details\/?Id_users=59\" target=\"_blank\" rel=\"noopener\">Francisco Duato, Partner de ONEtoONE<\/a><\/strong>, revela el buen momento corporativo por el que pasa el sector. Durante el pasado 2014 se llevaron a cabo<strong> un 94,2% m\u00e1s de operaciones corporativas<\/strong>, dato que se traduce en <strong>un volumen de inversi\u00f3n superior a los 1.000 millones de euros<\/strong>, un 86,8% m\u00e1s que en 2013.<\/p>\n<p>El sector TI, e Internet particularmente, se confirma como <strong>un sector en pleno crecimiento respecto a la creaci\u00f3n de nuevas empresas<\/strong>, originado por el fuerte desarrollo de aplicaciones centradas en movilidad e internet y un fuerte impulso promovido desde las administraciones en el desarrollo del emprendimiento, por el inter\u00e9s de fondos especializados en capital semilla y por el acompa\u00f1amiento de family offices interesados por la tecnolog\u00eda.<\/p>\n<p>Un a\u00f1o m\u00e1s el an\u00e1lisis elaborado en el Informe marca <strong>como principales retos del sector<\/strong> la falta de tama\u00f1o, falta de propiedad intelectual, as\u00ed como su alta dependencia del mercado local y problemas para adaptarse a los nuevos modelos Cloud.<\/p>\n<p>Dentro del estudio se incluye adem\u00e1s un an\u00e1lisis de las principales operaciones en corporate finance registradas durante el 2014 en el sector TI. No obstante cabe destacar que <strong>los inversores financieros han sido los grandes protagonistas de la actividad corporativa en el sector, representando un 80,2% de la actividad total<\/strong> y un crecimiento por n\u00famero de operaciones del 113,2% con respecto al a\u00f1o anterior. Por su parte, los industriales (compa\u00f1\u00edas que compran otras compa\u00f1\u00edas) han aumentado su actividad un 28,6%.<\/p>\n<p>Si desea acceder al Informe completo, solo debe clicar en la imagen de abajo.<\/p>\n<p><a href=\"http:\/\/goo.gl\/forms\/28zv6CKp0u\" target=\"_blank\" rel=\"noopener\"><img fetchpriority=\"high\" decoding=\"async\" class=\"alignnone size-full wp-image-4429\" src=\"https:\/\/www.onetoonecf.com\/wp-content\/uploads\/sites\/16\/2015\/07\/ONEtoONE_compraventaempresas_descarga_estudio_2015-4.jpg\" alt=\"ONEtoONE_compraventaempresas_descarga_estudio_2015\" width=\"750\" height=\"342\" srcset=\"https:\/\/www.onetoonecf.com\/wp-content\/uploads\/sites\/16\/2015\/07\/ONEtoONE_compraventaempresas_descarga_estudio_2015-4.jpg 750w, https:\/\/www.onetoonecf.com\/wp-content\/uploads\/sites\/16\/2015\/07\/ONEtoONE_compraventaempresas_descarga_estudio_2015-4-300x137.jpg 300w\" sizes=\"(max-width: 750px) 100vw, 750px\" \/><\/a><\/p>\n","protected":false},"excerpt":{"rendered":"<p>ONEtoONE ha elaborado la segunda edici\u00f3n del Informe sobre la actividad corporativa en el sector TI espa\u00f1ol titulado \u201cEl crecimiento corporativo como alternativa para el sector tecnol\u00f3gico\u201d, donde se muestra una radiograf\u00eda sectorial as\u00ed como un an\u00e1lisis de las tendencias y conclusiones en futuros procesos de M&amp;A. El estudio desarrollado por Bernar de la Hera, [&hellip;]<\/p>\n","protected":false},"author":4,"featured_media":4424,"comment_status":"open","ping_status":"open","sticky":false,"template":"","format":"standard","meta":{"_joinchat":[],"footnotes":""},"categories":[387],"tags":[86,61,89,74,136,137,81,82,85,60],"class_list":["post-4423","post","type-post","status-publish","format-standard","has-post-thumbnail","hentry","category-estrategia-industrias-mercados","tag-asesoramiento-estrategico","tag-compra-de-empresas","tag-espana","tag-informativos","tag-internet","tag-it","tag-noticias","tag-operaciones-corporativas","tag-tecnologias-de-la-informacion","tag-venta-de-empresas"],"yoast_head":"<!-- This site is optimized with the Yoast SEO plugin v27.5 - https:\/\/yoast.com\/product\/yoast-seo-wordpress\/ -->\n<title>El sector tecnol\u00f3gico espa\u00f1ol acelerar\u00e1 su actividad en M&amp;A en 2015 - ONEtoONE Corporate Finance<\/title>\n<meta name=\"robots\" content=\"index, follow, max-snippet:-1, max-image-preview:large, max-video-preview:-1\" \/>\n<link rel=\"canonical\" href=\"https:\/\/www.onetoonecf.com\/es\/espanol-el-sector-tecnologico-espanol-acelerara-su-actividad-en-ma-en-2015\/\" \/>\n<meta property=\"og:locale\" content=\"es_ES\" \/>\n<meta property=\"og:type\" content=\"article\" \/>\n<meta property=\"og:title\" content=\"El sector tecnol\u00f3gico espa\u00f1ol acelerar\u00e1 su actividad en M&amp;A en 2015 - ONEtoONE Corporate Finance\" \/>\n<meta property=\"og:description\" content=\"ONEtoONE ha elaborado la segunda edici\u00f3n del Informe sobre la actividad corporativa en el sector TI espa\u00f1ol titulado \u201cEl crecimiento corporativo como alternativa para el sector tecnol\u00f3gico\u201d, donde se muestra una radiograf\u00eda sectorial as\u00ed como un an\u00e1lisis de las tendencias y conclusiones en futuros procesos de M&amp;A. El estudio desarrollado por Bernar de la Hera, [&hellip;]\" \/>\n<meta property=\"og:url\" content=\"https:\/\/www.onetoonecf.com\/es\/espanol-el-sector-tecnologico-espanol-acelerara-su-actividad-en-ma-en-2015\/\" \/>\n<meta property=\"og:site_name\" content=\"ONEtoONE Corporate Finance\" \/>\n<meta property=\"article:published_time\" content=\"2015-07-15T13:49:34+00:00\" \/>\n<meta property=\"article:modified_time\" content=\"2021-02-15T16:51:00+00:00\" \/>\n<meta property=\"og:image\" content=\"https:\/\/www.onetoonecf.com\/wp-content\/uploads\/sites\/16\/2015\/07\/ONEtoONE_compraventaempresas_estudioIT_2015.jpg\" \/>\n\t<meta property=\"og:image:width\" content=\"750\" \/>\n\t<meta property=\"og:image:height\" content=\"342\" \/>\n\t<meta property=\"og:image:type\" content=\"image\/jpeg\" \/>\n<meta name=\"author\" content=\"lauracatalan\" \/>\n<meta name=\"twitter:card\" content=\"summary_large_image\" \/>\n<meta name=\"twitter:label1\" content=\"Escrito por\" \/>\n\t<meta name=\"twitter:data1\" content=\"lauracatalan\" \/>\n\t<meta name=\"twitter:label2\" content=\"Tiempo de lectura\" \/>\n\t<meta name=\"twitter:data2\" content=\"2 minutos\" \/>\n<script type=\"application\/ld+json\" class=\"yoast-schema-graph\">{\"@context\":\"https:\\\/\\\/schema.org\",\"@graph\":[{\"@type\":\"Article\",\"@id\":\"https:\\\/\\\/www.onetoonecf.com\\\/es\\\/espanol-el-sector-tecnologico-espanol-acelerara-su-actividad-en-ma-en-2015\\\/#article\",\"isPartOf\":{\"@id\":\"https:\\\/\\\/www.onetoonecf.com\\\/es\\\/espanol-el-sector-tecnologico-espanol-acelerara-su-actividad-en-ma-en-2015\\\/\"},\"author\":{\"name\":\"lauracatalan\",\"@id\":\"https:\\\/\\\/www.onetoonecf.com\\\/es\\\/#\\\/schema\\\/person\\\/d9a76871c13ec2a7d5bf2e68e6a791d5\"},\"headline\":\"El sector tecnol\u00f3gico espa\u00f1ol acelerar\u00e1 su actividad en M&amp;A en 2015\",\"datePublished\":\"2015-07-15T13:49:34+00:00\",\"dateModified\":\"2021-02-15T16:51:00+00:00\",\"mainEntityOfPage\":{\"@id\":\"https:\\\/\\\/www.onetoonecf.com\\\/es\\\/espanol-el-sector-tecnologico-espanol-acelerara-su-actividad-en-ma-en-2015\\\/\"},\"wordCount\":341,\"commentCount\":0,\"image\":{\"@id\":\"https:\\\/\\\/www.onetoonecf.com\\\/es\\\/espanol-el-sector-tecnologico-espanol-acelerara-su-actividad-en-ma-en-2015\\\/#primaryimage\"},\"thumbnailUrl\":\"https:\\\/\\\/www.onetoonecf.com\\\/wp-content\\\/uploads\\\/sites\\\/16\\\/2015\\\/07\\\/ONEtoONE_compraventaempresas_estudioIT_2015.jpg\",\"keywords\":[\"Asesoramiento estrat\u00e9gico\",\"compra de empresas\",\"Espa\u00f1a\",\"Informativos\",\"Internet\",\"IT\",\"Noticias\",\"operaciones corporativas\",\"Tecnolog\u00edas de la informaci\u00f3n\",\"venta de empresas\"],\"articleSection\":[\"Estrategia, Industrias y Mercados\"],\"inLanguage\":\"es\",\"potentialAction\":[{\"@type\":\"CommentAction\",\"name\":\"Comment\",\"target\":[\"https:\\\/\\\/www.onetoonecf.com\\\/es\\\/espanol-el-sector-tecnologico-espanol-acelerara-su-actividad-en-ma-en-2015\\\/#respond\"]}]},{\"@type\":\"WebPage\",\"@id\":\"https:\\\/\\\/www.onetoonecf.com\\\/es\\\/espanol-el-sector-tecnologico-espanol-acelerara-su-actividad-en-ma-en-2015\\\/\",\"url\":\"https:\\\/\\\/www.onetoonecf.com\\\/es\\\/espanol-el-sector-tecnologico-espanol-acelerara-su-actividad-en-ma-en-2015\\\/\",\"name\":\"El sector tecnol\u00f3gico espa\u00f1ol acelerar\u00e1 su actividad en M&amp;A en 2015 - ONEtoONE Corporate Finance\",\"isPartOf\":{\"@id\":\"https:\\\/\\\/www.onetoonecf.com\\\/es\\\/#website\"},\"primaryImageOfPage\":{\"@id\":\"https:\\\/\\\/www.onetoonecf.com\\\/es\\\/espanol-el-sector-tecnologico-espanol-acelerara-su-actividad-en-ma-en-2015\\\/#primaryimage\"},\"image\":{\"@id\":\"https:\\\/\\\/www.onetoonecf.com\\\/es\\\/espanol-el-sector-tecnologico-espanol-acelerara-su-actividad-en-ma-en-2015\\\/#primaryimage\"},\"thumbnailUrl\":\"https:\\\/\\\/www.onetoonecf.com\\\/wp-content\\\/uploads\\\/sites\\\/16\\\/2015\\\/07\\\/ONEtoONE_compraventaempresas_estudioIT_2015.jpg\",\"datePublished\":\"2015-07-15T13:49:34+00:00\",\"dateModified\":\"2021-02-15T16:51:00+00:00\",\"author\":{\"@id\":\"https:\\\/\\\/www.onetoonecf.com\\\/es\\\/#\\\/schema\\\/person\\\/d9a76871c13ec2a7d5bf2e68e6a791d5\"},\"breadcrumb\":{\"@id\":\"https:\\\/\\\/www.onetoonecf.com\\\/es\\\/espanol-el-sector-tecnologico-espanol-acelerara-su-actividad-en-ma-en-2015\\\/#breadcrumb\"},\"inLanguage\":\"es\",\"potentialAction\":[{\"@type\":\"ReadAction\",\"target\":[\"https:\\\/\\\/www.onetoonecf.com\\\/es\\\/espanol-el-sector-tecnologico-espanol-acelerara-su-actividad-en-ma-en-2015\\\/\"]}]},{\"@type\":\"ImageObject\",\"inLanguage\":\"es\",\"@id\":\"https:\\\/\\\/www.onetoonecf.com\\\/es\\\/espanol-el-sector-tecnologico-espanol-acelerara-su-actividad-en-ma-en-2015\\\/#primaryimage\",\"url\":\"https:\\\/\\\/www.onetoonecf.com\\\/wp-content\\\/uploads\\\/sites\\\/16\\\/2015\\\/07\\\/ONEtoONE_compraventaempresas_estudioIT_2015.jpg\",\"contentUrl\":\"https:\\\/\\\/www.onetoonecf.com\\\/wp-content\\\/uploads\\\/sites\\\/16\\\/2015\\\/07\\\/ONEtoONE_compraventaempresas_estudioIT_2015.jpg\",\"width\":750,\"height\":342,\"caption\":\"Mergers & Acquisitions, Compraventa de empresas\"},{\"@type\":\"BreadcrumbList\",\"@id\":\"https:\\\/\\\/www.onetoonecf.com\\\/es\\\/espanol-el-sector-tecnologico-espanol-acelerara-su-actividad-en-ma-en-2015\\\/#breadcrumb\",\"itemListElement\":[{\"@type\":\"ListItem\",\"position\":1,\"name\":\"Home\",\"item\":\"https:\\\/\\\/www.onetoonecf.com\\\/es\\\/new-home-2025\\\/\"},{\"@type\":\"ListItem\",\"position\":2,\"name\":\"El sector tecnol\u00f3gico espa\u00f1ol acelerar\u00e1 su actividad en M&amp;A en 2015\"}]},{\"@type\":\"WebSite\",\"@id\":\"https:\\\/\\\/www.onetoonecf.com\\\/es\\\/#website\",\"url\":\"https:\\\/\\\/www.onetoonecf.com\\\/es\\\/\",\"name\":\"ONEtoONE Corporate Finance\",\"description\":\"\",\"potentialAction\":[{\"@type\":\"SearchAction\",\"target\":{\"@type\":\"EntryPoint\",\"urlTemplate\":\"https:\\\/\\\/www.onetoonecf.com\\\/es\\\/?s={search_term_string}\"},\"query-input\":{\"@type\":\"PropertyValueSpecification\",\"valueRequired\":true,\"valueName\":\"search_term_string\"}}],\"inLanguage\":\"es\"},{\"@type\":\"Person\",\"@id\":\"https:\\\/\\\/www.onetoonecf.com\\\/es\\\/#\\\/schema\\\/person\\\/d9a76871c13ec2a7d5bf2e68e6a791d5\",\"name\":\"lauracatalan\",\"image\":{\"@type\":\"ImageObject\",\"inLanguage\":\"es\",\"@id\":\"https:\\\/\\\/secure.gravatar.com\\\/avatar\\\/c6f5ebf33c4369be99a0649f6a301fabac071e72ea3646f45109a4b1dda1c3e5?s=96&d=mm&r=g\",\"url\":\"https:\\\/\\\/secure.gravatar.com\\\/avatar\\\/c6f5ebf33c4369be99a0649f6a301fabac071e72ea3646f45109a4b1dda1c3e5?s=96&d=mm&r=g\",\"contentUrl\":\"https:\\\/\\\/secure.gravatar.com\\\/avatar\\\/c6f5ebf33c4369be99a0649f6a301fabac071e72ea3646f45109a4b1dda1c3e5?s=96&d=mm&r=g\",\"caption\":\"lauracatalan\"},\"url\":\"https:\\\/\\\/www.onetoonecf.com\\\/es\\\/author\\\/lauracatalan\\\/\"}]}<\/script>\n<!-- \/ Yoast SEO plugin. -->","yoast_head_json":{"title":"El sector tecnol\u00f3gico espa\u00f1ol acelerar\u00e1 su actividad en M&amp;A en 2015 - ONEtoONE Corporate Finance","robots":{"index":"index","follow":"follow","max-snippet":"max-snippet:-1","max-image-preview":"max-image-preview:large","max-video-preview":"max-video-preview:-1"},"canonical":"https:\/\/www.onetoonecf.com\/es\/espanol-el-sector-tecnologico-espanol-acelerara-su-actividad-en-ma-en-2015\/","og_locale":"es_ES","og_type":"article","og_title":"El sector tecnol\u00f3gico espa\u00f1ol acelerar\u00e1 su actividad en M&amp;A en 2015 - ONEtoONE Corporate Finance","og_description":"ONEtoONE ha elaborado la segunda edici\u00f3n del Informe sobre la actividad corporativa en el sector TI espa\u00f1ol titulado \u201cEl crecimiento corporativo como alternativa para el sector tecnol\u00f3gico\u201d, donde se muestra una radiograf\u00eda sectorial as\u00ed como un an\u00e1lisis de las tendencias y conclusiones en futuros procesos de M&amp;A. El estudio desarrollado por Bernar de la Hera, [&hellip;]","og_url":"https:\/\/www.onetoonecf.com\/es\/espanol-el-sector-tecnologico-espanol-acelerara-su-actividad-en-ma-en-2015\/","og_site_name":"ONEtoONE Corporate Finance","article_published_time":"2015-07-15T13:49:34+00:00","article_modified_time":"2021-02-15T16:51:00+00:00","og_image":[{"width":750,"height":342,"url":"https:\/\/www.onetoonecf.com\/wp-content\/uploads\/sites\/16\/2015\/07\/ONEtoONE_compraventaempresas_estudioIT_2015.jpg","type":"image\/jpeg"}],"author":"lauracatalan","twitter_card":"summary_large_image","twitter_misc":{"Escrito por":"lauracatalan","Tiempo de lectura":"2 minutos"},"schema":{"@context":"https:\/\/schema.org","@graph":[{"@type":"Article","@id":"https:\/\/www.onetoonecf.com\/es\/espanol-el-sector-tecnologico-espanol-acelerara-su-actividad-en-ma-en-2015\/#article","isPartOf":{"@id":"https:\/\/www.onetoonecf.com\/es\/espanol-el-sector-tecnologico-espanol-acelerara-su-actividad-en-ma-en-2015\/"},"author":{"name":"lauracatalan","@id":"https:\/\/www.onetoonecf.com\/es\/#\/schema\/person\/d9a76871c13ec2a7d5bf2e68e6a791d5"},"headline":"El sector tecnol\u00f3gico espa\u00f1ol acelerar\u00e1 su actividad en M&amp;A en 2015","datePublished":"2015-07-15T13:49:34+00:00","dateModified":"2021-02-15T16:51:00+00:00","mainEntityOfPage":{"@id":"https:\/\/www.onetoonecf.com\/es\/espanol-el-sector-tecnologico-espanol-acelerara-su-actividad-en-ma-en-2015\/"},"wordCount":341,"commentCount":0,"image":{"@id":"https:\/\/www.onetoonecf.com\/es\/espanol-el-sector-tecnologico-espanol-acelerara-su-actividad-en-ma-en-2015\/#primaryimage"},"thumbnailUrl":"https:\/\/www.onetoonecf.com\/wp-content\/uploads\/sites\/16\/2015\/07\/ONEtoONE_compraventaempresas_estudioIT_2015.jpg","keywords":["Asesoramiento estrat\u00e9gico","compra de empresas","Espa\u00f1a","Informativos","Internet","IT","Noticias","operaciones corporativas","Tecnolog\u00edas de la informaci\u00f3n","venta de empresas"],"articleSection":["Estrategia, Industrias y Mercados"],"inLanguage":"es","potentialAction":[{"@type":"CommentAction","name":"Comment","target":["https:\/\/www.onetoonecf.com\/es\/espanol-el-sector-tecnologico-espanol-acelerara-su-actividad-en-ma-en-2015\/#respond"]}]},{"@type":"WebPage","@id":"https:\/\/www.onetoonecf.com\/es\/espanol-el-sector-tecnologico-espanol-acelerara-su-actividad-en-ma-en-2015\/","url":"https:\/\/www.onetoonecf.com\/es\/espanol-el-sector-tecnologico-espanol-acelerara-su-actividad-en-ma-en-2015\/","name":"El sector tecnol\u00f3gico espa\u00f1ol acelerar\u00e1 su actividad en M&amp;A en 2015 - ONEtoONE Corporate Finance","isPartOf":{"@id":"https:\/\/www.onetoonecf.com\/es\/#website"},"primaryImageOfPage":{"@id":"https:\/\/www.onetoonecf.com\/es\/espanol-el-sector-tecnologico-espanol-acelerara-su-actividad-en-ma-en-2015\/#primaryimage"},"image":{"@id":"https:\/\/www.onetoonecf.com\/es\/espanol-el-sector-tecnologico-espanol-acelerara-su-actividad-en-ma-en-2015\/#primaryimage"},"thumbnailUrl":"https:\/\/www.onetoonecf.com\/wp-content\/uploads\/sites\/16\/2015\/07\/ONEtoONE_compraventaempresas_estudioIT_2015.jpg","datePublished":"2015-07-15T13:49:34+00:00","dateModified":"2021-02-15T16:51:00+00:00","author":{"@id":"https:\/\/www.onetoonecf.com\/es\/#\/schema\/person\/d9a76871c13ec2a7d5bf2e68e6a791d5"},"breadcrumb":{"@id":"https:\/\/www.onetoonecf.com\/es\/espanol-el-sector-tecnologico-espanol-acelerara-su-actividad-en-ma-en-2015\/#breadcrumb"},"inLanguage":"es","potentialAction":[{"@type":"ReadAction","target":["https:\/\/www.onetoonecf.com\/es\/espanol-el-sector-tecnologico-espanol-acelerara-su-actividad-en-ma-en-2015\/"]}]},{"@type":"ImageObject","inLanguage":"es","@id":"https:\/\/www.onetoonecf.com\/es\/espanol-el-sector-tecnologico-espanol-acelerara-su-actividad-en-ma-en-2015\/#primaryimage","url":"https:\/\/www.onetoonecf.com\/wp-content\/uploads\/sites\/16\/2015\/07\/ONEtoONE_compraventaempresas_estudioIT_2015.jpg","contentUrl":"https:\/\/www.onetoonecf.com\/wp-content\/uploads\/sites\/16\/2015\/07\/ONEtoONE_compraventaempresas_estudioIT_2015.jpg","width":750,"height":342,"caption":"Mergers & Acquisitions, Compraventa de empresas"},{"@type":"BreadcrumbList","@id":"https:\/\/www.onetoonecf.com\/es\/espanol-el-sector-tecnologico-espanol-acelerara-su-actividad-en-ma-en-2015\/#breadcrumb","itemListElement":[{"@type":"ListItem","position":1,"name":"Home","item":"https:\/\/www.onetoonecf.com\/es\/new-home-2025\/"},{"@type":"ListItem","position":2,"name":"El sector tecnol\u00f3gico espa\u00f1ol acelerar\u00e1 su actividad en M&amp;A en 2015"}]},{"@type":"WebSite","@id":"https:\/\/www.onetoonecf.com\/es\/#website","url":"https:\/\/www.onetoonecf.com\/es\/","name":"ONEtoONE Corporate Finance","description":"","potentialAction":[{"@type":"SearchAction","target":{"@type":"EntryPoint","urlTemplate":"https:\/\/www.onetoonecf.com\/es\/?s={search_term_string}"},"query-input":{"@type":"PropertyValueSpecification","valueRequired":true,"valueName":"search_term_string"}}],"inLanguage":"es"},{"@type":"Person","@id":"https:\/\/www.onetoonecf.com\/es\/#\/schema\/person\/d9a76871c13ec2a7d5bf2e68e6a791d5","name":"lauracatalan","image":{"@type":"ImageObject","inLanguage":"es","@id":"https:\/\/secure.gravatar.com\/avatar\/c6f5ebf33c4369be99a0649f6a301fabac071e72ea3646f45109a4b1dda1c3e5?s=96&d=mm&r=g","url":"https:\/\/secure.gravatar.com\/avatar\/c6f5ebf33c4369be99a0649f6a301fabac071e72ea3646f45109a4b1dda1c3e5?s=96&d=mm&r=g","contentUrl":"https:\/\/secure.gravatar.com\/avatar\/c6f5ebf33c4369be99a0649f6a301fabac071e72ea3646f45109a4b1dda1c3e5?s=96&d=mm&r=g","caption":"lauracatalan"},"url":"https:\/\/www.onetoonecf.com\/es\/author\/lauracatalan\/"}]}},"_links":{"self":[{"href":"https:\/\/www.onetoonecf.com\/es\/wp-json\/wp\/v2\/posts\/4423","targetHints":{"allow":["GET"]}}],"collection":[{"href":"https:\/\/www.onetoonecf.com\/es\/wp-json\/wp\/v2\/posts"}],"about":[{"href":"https:\/\/www.onetoonecf.com\/es\/wp-json\/wp\/v2\/types\/post"}],"author":[{"embeddable":true,"href":"https:\/\/www.onetoonecf.com\/es\/wp-json\/wp\/v2\/users\/4"}],"replies":[{"embeddable":true,"href":"https:\/\/www.onetoonecf.com\/es\/wp-json\/wp\/v2\/comments?post=4423"}],"version-history":[{"count":3,"href":"https:\/\/www.onetoonecf.com\/es\/wp-json\/wp\/v2\/posts\/4423\/revisions"}],"predecessor-version":[{"id":68799,"href":"https:\/\/www.onetoonecf.com\/es\/wp-json\/wp\/v2\/posts\/4423\/revisions\/68799"}],"wp:featuredmedia":[{"embeddable":true,"href":"https:\/\/www.onetoonecf.com\/es\/wp-json\/wp\/v2\/media\/4424"}],"wp:attachment":[{"href":"https:\/\/www.onetoonecf.com\/es\/wp-json\/wp\/v2\/media?parent=4423"}],"wp:term":[{"taxonomy":"category","embeddable":true,"href":"https:\/\/www.onetoonecf.com\/es\/wp-json\/wp\/v2\/categories?post=4423"},{"taxonomy":"post_tag","embeddable":true,"href":"https:\/\/www.onetoonecf.com\/es\/wp-json\/wp\/v2\/tags?post=4423"}],"curies":[{"name":"wp","href":"https:\/\/api.w.org\/{rel}","templated":true}]}}