{"id":47555,"date":"2019-03-22T11:47:23","date_gmt":"2019-03-22T11:47:23","guid":{"rendered":"https:\/\/ww3.onetoonecf.com\/?p=47555"},"modified":"2020-11-27T10:44:45","modified_gmt":"2020-11-27T10:44:45","slug":"podra-jubilarse-como-empresario","status":"publish","type":"post","link":"https:\/\/www.onetoonecf.com\/es\/podra-jubilarse-como-empresario\/","title":{"rendered":"\u00bfJubilarse como empresario?"},"content":{"rendered":"<p>La mayor\u00eda de los trabajadores tienen claro c\u00f3mo va a ser su jubilaci\u00f3n. Llegar\u00e1 un d\u00eda en el que dejar\u00e1n sus puestos de trabajo y comenzar\u00e1n una nueva etapa en sus vidas. Sin preocupaci\u00f3n por lo que se queda atr\u00e1s. \u00bfOcurre lo mismo si es el due\u00f1o de una empresa? El propietario es Usted, si se jubila \u00bfqu\u00e9 ocurre con su empresa? \u00bfpodr\u00e1 jubilarse como empresario? \u00bflo ha pensado?<\/p>\n<p>Una vez tomada la decisi\u00f3n de que es el momento de comenzar una nueva etapa y retirarse de la primera l\u00ednea de su empresa, comenzar\u00e1n m\u00e1s dudas \u00bfcu\u00e1ndo es el momento ideal para hacerlo?, \u00bfcu\u00e1ndo y c\u00f3mo jubilarse?, \u00bfpodr\u00e9 hacerlo?<br \/>\nNo es f\u00e1cil. Lo primero a tener en cuenta es que la jubilaci\u00f3n no siempre tiene por qu\u00e9 estar marcada por la edad. Se trata de una decisi\u00f3n que implica deliberar sobre el futuro de toda una empresa, con lo que ello representa. \u00bfCu\u00e1l ser\u00e1 el siguiente paso para su empresa tras la jubilaci\u00f3n?<\/p>\n<p>Aunque suene a frase hecha, la realidad demuestra que el \u00e9xito viene determinado al 99% por la preparaci\u00f3n previa. Si quiere correr una Marat\u00f3n, lograr\u00e1 llegar a meta si antes se ha preparado para ello. En la jubilaci\u00f3n de un empresario ocurre igual. Es importante ser proactivo en la b\u00fasqueda de un comprador para su empresa si, por ejemplo, ve que sus familiares no son id\u00f3neos para continuar con su negocio. Ya sea porque no est\u00e1n preparados o porque los hijos no desean adquirir ese trabajo y responsabilidad. En otras ocasiones puede darse la situaci\u00f3n donde se dilata demasiado el momento de sucesi\u00f3n, encontr\u00e1ndose con que tiene que malvender la empresa en un periodo recesivo porque ha esperado m\u00e1s de la cuenta hasta ser demasiado tarde. Lo ideal es que inicie la preparaci\u00f3n de la empresa para su venta con antelaci\u00f3n ya que este proceso no se prepara de un d\u00eda para otro. \u00bfEst\u00e1 su compa\u00f1\u00eda preparada para realizar una operaci\u00f3n corporativa?<\/p>\n<blockquote><p><span style=\"color: #2397db;font-size: 24px\"><strong><span style=\"font-size: 24px\">\u201c Lo primero a tener en cuenta es que jubilarse como empresario no siempre est\u00e1 marcado por la edad. Se trata de una decisi\u00f3n que implica deliberar sobre el futuro de toda una empresa.<\/span><\/strong><\/span><\/p><\/blockquote>\n<h2>6 situaciones comunes que le har\u00e1n reflexionar sobre su jubilaci\u00f3n<\/h2>\n<p>Tras haber visto m\u00faltiples y precipitados procesos de venta de empresa por falta de planificaci\u00f3n, con consecuencias nefastas para los propietarios, podemos mostrarle seis situaciones que resultan comunes y que le pueden servir para reflexionar.<\/p>\n<p><iframe title=\"\u00bfPodr\u00e1 jubilarse como empresario?\" width=\"800\" height=\"450\" src=\"https:\/\/www.youtube.com\/embed\/CHcRDytjcu0?feature=oembed\" frameborder=\"0\" allow=\"accelerometer; autoplay; clipboard-write; encrypted-media; gyroscope; picture-in-picture; web-share\" referrerpolicy=\"strict-origin-when-cross-origin\" allowfullscreen><\/iframe><\/p>\n<p><strong>1.Sus hijos no quieren o no est\u00e1n preparados.<\/strong><br \/>\nEs frecuente que el empresario se encuentre con que sus hijos no quieren sucederle, porque han elegido otros caminos y no les seduce la responsabilidad, el peso y el riesgo de ser empresarios.<\/p>\n<p><strong>2.Anticipa futuros conflictos en la familia.<\/strong><br \/>\nOtros propietarios prev\u00e9n futuros conflictos en la familia y prefieren preservar la armon\u00eda familiar. Hijos con caracteres diferentes, choque de egos, interferencia de sus c\u00f3nyuges, celos, y tantas otras realidades que arruinan la familia y sus relaciones.<\/p>\n<p><strong>3. Un rev\u00e9s en su salud.<\/strong><br \/>\nUn c\u00e1ncer, un ictus, un accidente, un infarto aparecen en el momento menos esperado y provocan una necesidad de venta cuando el empresario se encuentra menos estable emocionalmente. Surgen las prisas y los compradores lo aprovechan.<\/p>\n<p><strong>4. Esperar a que aparezca un comprador.<\/strong><br \/>\nEs un verdadero error esperar que un comprador aparezca. No suele suceder y, cuando sucede, es muy raro que sea el m\u00e1s adecuado. Habitualmente los que aparecen son buscadores de oportunidad y ser\u00e1n agresivos en la negociaci\u00f3n final porque saben que son la \u00fanica alternativa.<\/p>\n<p><strong>5. La edad no perdona.<\/strong><br \/>\nOtro peligro al que se enfrenta el empresario es que, seg\u00fan pasan los a\u00f1os com\u00fanmente pierde la fuerza y la ilusi\u00f3n y eso se contagia al resto de la organizaci\u00f3n. La compa\u00f1\u00eda se deteriora porque el l\u00edder est\u00e1 menos involucrado, porque le falta la energ\u00eda.<\/p>\n<p><strong>6 En el momento equivocado.<\/strong><br \/>\nMuchos propietarios dilatan la venta hasta que es demasiado tarde y se encuentran con que tienen que malvender su empresa en un periodo de recesi\u00f3n. Las empresas hay que venderlas cuando la econom\u00eda va bien y la empresa tambi\u00e9n.<\/p>\n<p>Por ello, al igual que los deportistas, los empresarios tienen que saber cu\u00e1ndo retirarse. La diferencia es que jubilarse como empresario no es algo inmediat, sino que ha de ser planificado. Un proceso de venta profesional lleva tiempo y no hay nada m\u00e1s importante en la vida profesional de una empresa que su venta. Una buena planificaci\u00f3n culmina con la venta que usted deseaba para su empresa. De esta forma, tendr\u00e1 la satisfacci\u00f3n del deber cumplido y de haber puesto la guinda a un proceso de creaci\u00f3n de valor que desemboca en una magn\u00edfica operaci\u00f3n.<br \/>\nDicha preparaci\u00f3n resulta esencial en un mundo empresarial tan competitivo como el actual. El empresario, por regla general, no quiere que su entorno sepa que estar\u00eda dispuesto a vender como paso previo a su jubilaci\u00f3n. Por este motivo no es capaz de explotar adecuadamente las posibilidades de mejora y preparaci\u00f3n de su compa\u00f1\u00eda. Pero para ello existen t\u00e9cnicas para gestionar adecuadamente la confidencialidad del proceso.<\/p>\n<table style=\"background-color: #f7f7f7;border-color: #f0f0f0;border-style: solid;width: 489px\">\n<tbody>\n<tr style=\"height: 28px\">\n<td style=\"height: 28px;width: 477px\"><strong>\u00a0 \u00a0Te puede interesar:<\/strong> <a href=\"https:\/\/www.onetoonecf.com\/es\/compraventa-empresas-servicios-venta-de-empresas\/\"><strong><span style=\"color: #2397db\">\u00a0C\u00f3mo maximizar el precio de su empresa.<\/span><\/strong><\/a><\/td>\n<\/tr>\n<\/tbody>\n<\/table>\n<p>Su \u00faltimo reto es encontrar no s\u00f3lo un comprador, sino aquel para quien m\u00e1s valor tenga su empresa. Para ello es vital presentar su mejor rostro; gestionar adecuadamente la comunicaci\u00f3n, enmarcar la negociaci\u00f3n en los aspectos de mayor valor y gozar de buenas alternativas con otros posibles compradores es decisivo para que la operaci\u00f3n tenga el mayor \u00e9xito. <span style=\"font-weight: 400\">Para muchos propietarios es muy complicado.\u00a0 El tiempo vuela, la vida es impredecible, el ritmo de transformaci\u00f3n en su sector fren\u00e9tico y nos encontramos hoy en uno de los mejores periodos para la venta de una empresa.<\/span><\/p>\n<p style=\"text-align: center\"><strong>El asesor juega un papel fundamental para que el empresario pueda lograr su meta: jubilarse. Si desea preparar su empresa para el futuro, el equipo de asesores de ONEtoONE queda a su disposici\u00f3n para asesorar la preparaci\u00f3n de su compa\u00f1\u00eda para su venta, as\u00ed como para la gesti\u00f3n de la propia venta.<\/strong><\/p>\n","protected":false},"excerpt":{"rendered":"<p>La mayor\u00eda de los trabajadores tienen claro c\u00f3mo va a ser su jubilaci\u00f3n. Llegar\u00e1 un d\u00eda en el que dejar\u00e1n sus puestos de trabajo y comenzar\u00e1n una nueva etapa en sus vidas. Sin preocupaci\u00f3n por lo que se queda atr\u00e1s. \u00bfOcurre lo mismo si es el due\u00f1o de una empresa? El propietario es Usted, si [&hellip;]<\/p>\n","protected":false},"author":4,"featured_media":47556,"comment_status":"open","ping_status":"open","sticky":false,"template":"","format":"standard","meta":{"_joinchat":[],"footnotes":""},"categories":[1],"tags":[167,479,323,235,60],"class_list":["post-47555","post","type-post","status-publish","format-standard","has-post-thumbnail","hentry","category-ma-process","tag-compraventa","tag-jubilacion","tag-motivos-de-venta","tag-motivos-personales","tag-venta-de-empresas"],"yoast_head":"<!-- This site is optimized with the Yoast SEO plugin v27.5 - https:\/\/yoast.com\/product\/yoast-seo-wordpress\/ -->\n<title>\u00bfJubilarse como empresario? - ONEtoONE Corporate Finance<\/title>\n<meta name=\"description\" content=\"La mayor\u00eda de los trabajadores tienen claro c\u00f3mo va a ser su jubilaci\u00f3n.. \u00bfOcurre lo mismo si es el due\u00f1o de una empresa? \u00bfpodr\u00e1 jubilarse como empresario?\" \/>\n<meta name=\"robots\" content=\"index, follow, max-snippet:-1, max-image-preview:large, max-video-preview:-1\" \/>\n<link rel=\"canonical\" href=\"https:\/\/www.onetoonecf.com\/es\/podra-jubilarse-como-empresario\/\" \/>\n<meta property=\"og:locale\" content=\"es_ES\" \/>\n<meta property=\"og:type\" content=\"article\" \/>\n<meta property=\"og:title\" content=\"\u00bfJubilarse como empresario? - ONEtoONE Corporate Finance\" \/>\n<meta property=\"og:description\" content=\"La mayor\u00eda de los trabajadores tienen claro c\u00f3mo va a ser su jubilaci\u00f3n.. \u00bfOcurre lo mismo si es el due\u00f1o de una empresa? \u00bfpodr\u00e1 jubilarse como empresario?\" \/>\n<meta property=\"og:url\" content=\"https:\/\/www.onetoonecf.com\/es\/podra-jubilarse-como-empresario\/\" \/>\n<meta property=\"og:site_name\" content=\"ONEtoONE Corporate Finance\" \/>\n<meta property=\"article:published_time\" content=\"2019-03-22T11:47:23+00:00\" \/>\n<meta property=\"article:modified_time\" content=\"2020-11-27T10:44:45+00:00\" \/>\n<meta property=\"og:image\" content=\"https:\/\/www.onetoonecf.com\/wp-content\/uploads\/sites\/16\/2019\/03\/Jubilacion.png\" \/>\n\t<meta property=\"og:image:width\" content=\"1178\" \/>\n\t<meta property=\"og:image:height\" content=\"537\" \/>\n\t<meta property=\"og:image:type\" content=\"image\/png\" \/>\n<meta name=\"author\" content=\"lauracatalan\" \/>\n<meta name=\"twitter:card\" content=\"summary_large_image\" \/>\n<meta name=\"twitter:label1\" content=\"Escrito por\" \/>\n\t<meta name=\"twitter:data1\" content=\"lauracatalan\" \/>\n\t<meta name=\"twitter:label2\" content=\"Tiempo de lectura\" \/>\n\t<meta name=\"twitter:data2\" content=\"5 minutos\" \/>\n<script type=\"application\/ld+json\" class=\"yoast-schema-graph\">{\"@context\":\"https:\\\/\\\/schema.org\",\"@graph\":[{\"@type\":\"Article\",\"@id\":\"https:\\\/\\\/www.onetoonecf.com\\\/es\\\/podra-jubilarse-como-empresario\\\/#article\",\"isPartOf\":{\"@id\":\"https:\\\/\\\/www.onetoonecf.com\\\/es\\\/podra-jubilarse-como-empresario\\\/\"},\"author\":{\"name\":\"lauracatalan\",\"@id\":\"https:\\\/\\\/www.onetoonecf.com\\\/es\\\/#\\\/schema\\\/person\\\/d9a76871c13ec2a7d5bf2e68e6a791d5\"},\"headline\":\"\u00bfJubilarse como empresario?\",\"datePublished\":\"2019-03-22T11:47:23+00:00\",\"dateModified\":\"2020-11-27T10:44:45+00:00\",\"mainEntityOfPage\":{\"@id\":\"https:\\\/\\\/www.onetoonecf.com\\\/es\\\/podra-jubilarse-como-empresario\\\/\"},\"wordCount\":1084,\"commentCount\":0,\"image\":{\"@id\":\"https:\\\/\\\/www.onetoonecf.com\\\/es\\\/podra-jubilarse-como-empresario\\\/#primaryimage\"},\"thumbnailUrl\":\"https:\\\/\\\/www.onetoonecf.com\\\/wp-content\\\/uploads\\\/sites\\\/16\\\/2019\\\/03\\\/Jubilacion.png\",\"keywords\":[\"compraventa\",\"jubilaci\u00f3n\",\"motivos de venta\",\"motivos personales\",\"venta de empresas\"],\"articleSection\":[\"Procesos de M&amp;A\"],\"inLanguage\":\"es\",\"potentialAction\":[{\"@type\":\"CommentAction\",\"name\":\"Comment\",\"target\":[\"https:\\\/\\\/www.onetoonecf.com\\\/es\\\/podra-jubilarse-como-empresario\\\/#respond\"]}]},{\"@type\":\"WebPage\",\"@id\":\"https:\\\/\\\/www.onetoonecf.com\\\/es\\\/podra-jubilarse-como-empresario\\\/\",\"url\":\"https:\\\/\\\/www.onetoonecf.com\\\/es\\\/podra-jubilarse-como-empresario\\\/\",\"name\":\"\u00bfJubilarse como empresario? - ONEtoONE Corporate Finance\",\"isPartOf\":{\"@id\":\"https:\\\/\\\/www.onetoonecf.com\\\/es\\\/#website\"},\"primaryImageOfPage\":{\"@id\":\"https:\\\/\\\/www.onetoonecf.com\\\/es\\\/podra-jubilarse-como-empresario\\\/#primaryimage\"},\"image\":{\"@id\":\"https:\\\/\\\/www.onetoonecf.com\\\/es\\\/podra-jubilarse-como-empresario\\\/#primaryimage\"},\"thumbnailUrl\":\"https:\\\/\\\/www.onetoonecf.com\\\/wp-content\\\/uploads\\\/sites\\\/16\\\/2019\\\/03\\\/Jubilacion.png\",\"datePublished\":\"2019-03-22T11:47:23+00:00\",\"dateModified\":\"2020-11-27T10:44:45+00:00\",\"author\":{\"@id\":\"https:\\\/\\\/www.onetoonecf.com\\\/es\\\/#\\\/schema\\\/person\\\/d9a76871c13ec2a7d5bf2e68e6a791d5\"},\"description\":\"La mayor\u00eda de los trabajadores tienen claro c\u00f3mo va a ser su jubilaci\u00f3n.. \u00bfOcurre lo mismo si es el due\u00f1o de una empresa? \u00bfpodr\u00e1 jubilarse como empresario?\",\"breadcrumb\":{\"@id\":\"https:\\\/\\\/www.onetoonecf.com\\\/es\\\/podra-jubilarse-como-empresario\\\/#breadcrumb\"},\"inLanguage\":\"es\",\"potentialAction\":[{\"@type\":\"ReadAction\",\"target\":[\"https:\\\/\\\/www.onetoonecf.com\\\/es\\\/podra-jubilarse-como-empresario\\\/\"]}]},{\"@type\":\"ImageObject\",\"inLanguage\":\"es\",\"@id\":\"https:\\\/\\\/www.onetoonecf.com\\\/es\\\/podra-jubilarse-como-empresario\\\/#primaryimage\",\"url\":\"https:\\\/\\\/www.onetoonecf.com\\\/wp-content\\\/uploads\\\/sites\\\/16\\\/2019\\\/03\\\/Jubilacion.png\",\"contentUrl\":\"https:\\\/\\\/www.onetoonecf.com\\\/wp-content\\\/uploads\\\/sites\\\/16\\\/2019\\\/03\\\/Jubilacion.png\",\"width\":1178,\"height\":537},{\"@type\":\"BreadcrumbList\",\"@id\":\"https:\\\/\\\/www.onetoonecf.com\\\/es\\\/podra-jubilarse-como-empresario\\\/#breadcrumb\",\"itemListElement\":[{\"@type\":\"ListItem\",\"position\":1,\"name\":\"Home\",\"item\":\"https:\\\/\\\/www.onetoonecf.com\\\/es\\\/new-home-2025\\\/\"},{\"@type\":\"ListItem\",\"position\":2,\"name\":\"\u00bfJubilarse como empresario?\"}]},{\"@type\":\"WebSite\",\"@id\":\"https:\\\/\\\/www.onetoonecf.com\\\/es\\\/#website\",\"url\":\"https:\\\/\\\/www.onetoonecf.com\\\/es\\\/\",\"name\":\"ONEtoONE Corporate Finance\",\"description\":\"\",\"potentialAction\":[{\"@type\":\"SearchAction\",\"target\":{\"@type\":\"EntryPoint\",\"urlTemplate\":\"https:\\\/\\\/www.onetoonecf.com\\\/es\\\/?s={search_term_string}\"},\"query-input\":{\"@type\":\"PropertyValueSpecification\",\"valueRequired\":true,\"valueName\":\"search_term_string\"}}],\"inLanguage\":\"es\"},{\"@type\":\"Person\",\"@id\":\"https:\\\/\\\/www.onetoonecf.com\\\/es\\\/#\\\/schema\\\/person\\\/d9a76871c13ec2a7d5bf2e68e6a791d5\",\"name\":\"lauracatalan\",\"image\":{\"@type\":\"ImageObject\",\"inLanguage\":\"es\",\"@id\":\"https:\\\/\\\/secure.gravatar.com\\\/avatar\\\/c6f5ebf33c4369be99a0649f6a301fabac071e72ea3646f45109a4b1dda1c3e5?s=96&d=mm&r=g\",\"url\":\"https:\\\/\\\/secure.gravatar.com\\\/avatar\\\/c6f5ebf33c4369be99a0649f6a301fabac071e72ea3646f45109a4b1dda1c3e5?s=96&d=mm&r=g\",\"contentUrl\":\"https:\\\/\\\/secure.gravatar.com\\\/avatar\\\/c6f5ebf33c4369be99a0649f6a301fabac071e72ea3646f45109a4b1dda1c3e5?s=96&d=mm&r=g\",\"caption\":\"lauracatalan\"},\"url\":\"https:\\\/\\\/www.onetoonecf.com\\\/es\\\/author\\\/lauracatalan\\\/\"}]}<\/script>\n<!-- \/ Yoast SEO plugin. -->","yoast_head_json":{"title":"\u00bfJubilarse como empresario? - ONEtoONE Corporate Finance","description":"La mayor\u00eda de los trabajadores tienen claro c\u00f3mo va a ser su jubilaci\u00f3n.. \u00bfOcurre lo mismo si es el due\u00f1o de una empresa? \u00bfpodr\u00e1 jubilarse como empresario?","robots":{"index":"index","follow":"follow","max-snippet":"max-snippet:-1","max-image-preview":"max-image-preview:large","max-video-preview":"max-video-preview:-1"},"canonical":"https:\/\/www.onetoonecf.com\/es\/podra-jubilarse-como-empresario\/","og_locale":"es_ES","og_type":"article","og_title":"\u00bfJubilarse como empresario? - ONEtoONE Corporate Finance","og_description":"La mayor\u00eda de los trabajadores tienen claro c\u00f3mo va a ser su jubilaci\u00f3n.. \u00bfOcurre lo mismo si es el due\u00f1o de una empresa? \u00bfpodr\u00e1 jubilarse como empresario?","og_url":"https:\/\/www.onetoonecf.com\/es\/podra-jubilarse-como-empresario\/","og_site_name":"ONEtoONE Corporate Finance","article_published_time":"2019-03-22T11:47:23+00:00","article_modified_time":"2020-11-27T10:44:45+00:00","og_image":[{"width":1178,"height":537,"url":"https:\/\/www.onetoonecf.com\/wp-content\/uploads\/sites\/16\/2019\/03\/Jubilacion.png","type":"image\/png"}],"author":"lauracatalan","twitter_card":"summary_large_image","twitter_misc":{"Escrito por":"lauracatalan","Tiempo de lectura":"5 minutos"},"schema":{"@context":"https:\/\/schema.org","@graph":[{"@type":"Article","@id":"https:\/\/www.onetoonecf.com\/es\/podra-jubilarse-como-empresario\/#article","isPartOf":{"@id":"https:\/\/www.onetoonecf.com\/es\/podra-jubilarse-como-empresario\/"},"author":{"name":"lauracatalan","@id":"https:\/\/www.onetoonecf.com\/es\/#\/schema\/person\/d9a76871c13ec2a7d5bf2e68e6a791d5"},"headline":"\u00bfJubilarse como empresario?","datePublished":"2019-03-22T11:47:23+00:00","dateModified":"2020-11-27T10:44:45+00:00","mainEntityOfPage":{"@id":"https:\/\/www.onetoonecf.com\/es\/podra-jubilarse-como-empresario\/"},"wordCount":1084,"commentCount":0,"image":{"@id":"https:\/\/www.onetoonecf.com\/es\/podra-jubilarse-como-empresario\/#primaryimage"},"thumbnailUrl":"https:\/\/www.onetoonecf.com\/wp-content\/uploads\/sites\/16\/2019\/03\/Jubilacion.png","keywords":["compraventa","jubilaci\u00f3n","motivos de venta","motivos personales","venta de empresas"],"articleSection":["Procesos de M&amp;A"],"inLanguage":"es","potentialAction":[{"@type":"CommentAction","name":"Comment","target":["https:\/\/www.onetoonecf.com\/es\/podra-jubilarse-como-empresario\/#respond"]}]},{"@type":"WebPage","@id":"https:\/\/www.onetoonecf.com\/es\/podra-jubilarse-como-empresario\/","url":"https:\/\/www.onetoonecf.com\/es\/podra-jubilarse-como-empresario\/","name":"\u00bfJubilarse como empresario? - ONEtoONE Corporate Finance","isPartOf":{"@id":"https:\/\/www.onetoonecf.com\/es\/#website"},"primaryImageOfPage":{"@id":"https:\/\/www.onetoonecf.com\/es\/podra-jubilarse-como-empresario\/#primaryimage"},"image":{"@id":"https:\/\/www.onetoonecf.com\/es\/podra-jubilarse-como-empresario\/#primaryimage"},"thumbnailUrl":"https:\/\/www.onetoonecf.com\/wp-content\/uploads\/sites\/16\/2019\/03\/Jubilacion.png","datePublished":"2019-03-22T11:47:23+00:00","dateModified":"2020-11-27T10:44:45+00:00","author":{"@id":"https:\/\/www.onetoonecf.com\/es\/#\/schema\/person\/d9a76871c13ec2a7d5bf2e68e6a791d5"},"description":"La mayor\u00eda de los trabajadores tienen claro c\u00f3mo va a ser su jubilaci\u00f3n.. \u00bfOcurre lo mismo si es el due\u00f1o de una empresa? \u00bfpodr\u00e1 jubilarse como empresario?","breadcrumb":{"@id":"https:\/\/www.onetoonecf.com\/es\/podra-jubilarse-como-empresario\/#breadcrumb"},"inLanguage":"es","potentialAction":[{"@type":"ReadAction","target":["https:\/\/www.onetoonecf.com\/es\/podra-jubilarse-como-empresario\/"]}]},{"@type":"ImageObject","inLanguage":"es","@id":"https:\/\/www.onetoonecf.com\/es\/podra-jubilarse-como-empresario\/#primaryimage","url":"https:\/\/www.onetoonecf.com\/wp-content\/uploads\/sites\/16\/2019\/03\/Jubilacion.png","contentUrl":"https:\/\/www.onetoonecf.com\/wp-content\/uploads\/sites\/16\/2019\/03\/Jubilacion.png","width":1178,"height":537},{"@type":"BreadcrumbList","@id":"https:\/\/www.onetoonecf.com\/es\/podra-jubilarse-como-empresario\/#breadcrumb","itemListElement":[{"@type":"ListItem","position":1,"name":"Home","item":"https:\/\/www.onetoonecf.com\/es\/new-home-2025\/"},{"@type":"ListItem","position":2,"name":"\u00bfJubilarse como empresario?"}]},{"@type":"WebSite","@id":"https:\/\/www.onetoonecf.com\/es\/#website","url":"https:\/\/www.onetoonecf.com\/es\/","name":"ONEtoONE Corporate Finance","description":"","potentialAction":[{"@type":"SearchAction","target":{"@type":"EntryPoint","urlTemplate":"https:\/\/www.onetoonecf.com\/es\/?s={search_term_string}"},"query-input":{"@type":"PropertyValueSpecification","valueRequired":true,"valueName":"search_term_string"}}],"inLanguage":"es"},{"@type":"Person","@id":"https:\/\/www.onetoonecf.com\/es\/#\/schema\/person\/d9a76871c13ec2a7d5bf2e68e6a791d5","name":"lauracatalan","image":{"@type":"ImageObject","inLanguage":"es","@id":"https:\/\/secure.gravatar.com\/avatar\/c6f5ebf33c4369be99a0649f6a301fabac071e72ea3646f45109a4b1dda1c3e5?s=96&d=mm&r=g","url":"https:\/\/secure.gravatar.com\/avatar\/c6f5ebf33c4369be99a0649f6a301fabac071e72ea3646f45109a4b1dda1c3e5?s=96&d=mm&r=g","contentUrl":"https:\/\/secure.gravatar.com\/avatar\/c6f5ebf33c4369be99a0649f6a301fabac071e72ea3646f45109a4b1dda1c3e5?s=96&d=mm&r=g","caption":"lauracatalan"},"url":"https:\/\/www.onetoonecf.com\/es\/author\/lauracatalan\/"}]}},"_links":{"self":[{"href":"https:\/\/www.onetoonecf.com\/es\/wp-json\/wp\/v2\/posts\/47555","targetHints":{"allow":["GET"]}}],"collection":[{"href":"https:\/\/www.onetoonecf.com\/es\/wp-json\/wp\/v2\/posts"}],"about":[{"href":"https:\/\/www.onetoonecf.com\/es\/wp-json\/wp\/v2\/types\/post"}],"author":[{"embeddable":true,"href":"https:\/\/www.onetoonecf.com\/es\/wp-json\/wp\/v2\/users\/4"}],"replies":[{"embeddable":true,"href":"https:\/\/www.onetoonecf.com\/es\/wp-json\/wp\/v2\/comments?post=47555"}],"version-history":[{"count":24,"href":"https:\/\/www.onetoonecf.com\/es\/wp-json\/wp\/v2\/posts\/47555\/revisions"}],"predecessor-version":[{"id":66313,"href":"https:\/\/www.onetoonecf.com\/es\/wp-json\/wp\/v2\/posts\/47555\/revisions\/66313"}],"wp:featuredmedia":[{"embeddable":true,"href":"https:\/\/www.onetoonecf.com\/es\/wp-json\/wp\/v2\/media\/47556"}],"wp:attachment":[{"href":"https:\/\/www.onetoonecf.com\/es\/wp-json\/wp\/v2\/media?parent=47555"}],"wp:term":[{"taxonomy":"category","embeddable":true,"href":"https:\/\/www.onetoonecf.com\/es\/wp-json\/wp\/v2\/categories?post=47555"},{"taxonomy":"post_tag","embeddable":true,"href":"https:\/\/www.onetoonecf.com\/es\/wp-json\/wp\/v2\/tags?post=47555"}],"curies":[{"name":"wp","href":"https:\/\/api.w.org\/{rel}","templated":true}]}}