{"id":58432,"date":"2020-03-19T09:22:42","date_gmt":"2020-03-19T09:22:42","guid":{"rendered":"https:\/\/ww3.onetoonecf.com\/?p=58432"},"modified":"2026-03-23T09:35:58","modified_gmt":"2026-03-23T08:35:58","slug":"por-que-se-reactivaran-las-fusiones-y-adquisiciones","status":"publish","type":"post","link":"https:\/\/www.onetoonecf.com\/es\/por-que-se-reactivaran-las-fusiones-y-adquisiciones\/","title":{"rendered":"Por qu\u00e9 se reactivar\u00e1 la compraventa de empresas tras la crisis del Covid-19"},"content":{"rendered":"<style>.elementor-58432 .elementor-element.elementor-element-01f38ba{--display:flex;}.elementor-58432 .elementor-element.elementor-element-dcfd619{--display:flex;}.elementor-58432 .elementor-element.elementor-element-31968c1{--display:flex;}.elementor-58432 .elementor-element.elementor-element-cb35d21{--display:flex;}.elementor-58432 .elementor-element.elementor-element-bb330cd{--display:flex;}.elementor-58432 .elementor-element.elementor-element-9690567{--display:flex;}.elementor-58432 .elementor-element.elementor-element-8ef9e59{--display:flex;}.elementor-58432 .elementor-element.elementor-element-e329d15{--display:flex;}<\/style>\t\t<div data-elementor-type=\"wp-post\" data-elementor-id=\"58432\" class=\"elementor elementor-58432 elementor-58452\" data-elementor-post-type=\"post\">\n\t\t\t\t<div class=\"elementor-element elementor-element-01f38ba e-flex e-con-boxed e-con e-parent\" data-id=\"01f38ba\" data-element_type=\"container\" data-e-type=\"container\">\n\t\t\t\t\t<div class=\"e-con-inner\">\n\t\t\t\t<div class=\"elementor-element elementor-element-c502a18 elementor-widget elementor-widget-text-editor\" data-id=\"c502a18\" data-element_type=\"widget\" data-e-type=\"widget\" data-widget_type=\"text-editor.default\">\n\t\t\t\t\t\t\t\t\t<p>Estamos en etapa de turbulencia y par\u00e1lisis provocada por la crisis del Covid-19. Sin embargo, el mundo de la compraventa de empresas se reactivar\u00e1 en unos meses y lo har\u00e1 con fuerza.<\/p><p>A continuaci\u00f3n, describo los<strong>\u00a0diez motores que mover\u00e1n las operaciones de compraventa de empresas tras el COVID-19,<\/strong>\u00a0a partir del mes de septiembre de este 2020:<\/p><p>1. Diez mil fondos de capital riesgo han levantado capital y tiene\u00a0<strong>siete billones de euros en gesti\u00f3n<\/strong>. No los pueden devolver y tienen\u00a0<strong>urgencia por realizar operaciones corporativas<\/strong>, si no lo hacen no podr\u00e1n levantar nuevos fondos. El tiempo juega en su contra. Por eso, la crisis generada por el coronavirus no frenar\u00e1 la compraventa de compa\u00f1\u00edas.<\/p><p>2. M\u00e1s de un tercio de los\u00a0<strong>empresarios en Espa\u00f1a est\u00e1n en edad de jubilaci\u00f3n<\/strong>\u00a0y siguen acumulando a\u00f1os. Muchos de ellos no tienen sucesi\u00f3n y necesitan vender.<\/p>\t\t\t\t\t\t\t\t<\/div>\n\t\t\t\t\t<\/div>\n\t\t\t\t<\/div>\n\t\t<div class=\"elementor-element elementor-element-dcfd619 e-flex e-con-boxed e-con e-parent\" data-id=\"dcfd619\" data-element_type=\"container\" data-e-type=\"container\">\n\t\t\t\t\t<div class=\"e-con-inner\">\n\t\t\t\t<div class=\"elementor-element elementor-element-ede7f63 elementor-widget elementor-widget-text-editor\" data-id=\"ede7f63\" data-element_type=\"widget\" data-e-type=\"widget\" data-widget_type=\"text-editor.default\">\n\t\t\t\t\t\t\t\t\t<blockquote><p style=\"text-align: center\">Diez mil fondos de capital riesgo han levantado capital y tendr\u00e1n que hacer inversiones.<\/p><\/blockquote>\t\t\t\t\t\t\t\t<\/div>\n\t\t\t\t\t<\/div>\n\t\t\t\t<\/div>\n\t\t<div class=\"elementor-element elementor-element-31968c1 e-flex e-con-boxed e-con e-parent\" data-id=\"31968c1\" data-element_type=\"container\" data-e-type=\"container\">\n\t\t\t\t\t<div class=\"e-con-inner\">\n\t\t\t\t<div class=\"elementor-element elementor-element-6daabdf elementor-widget elementor-widget-text-editor\" data-id=\"6daabdf\" data-element_type=\"widget\" data-e-type=\"widget\" data-widget_type=\"text-editor.default\">\n\t\t\t\t\t\t\t\t\t<p>3. Esta inesperada crisis ha hecho ver a muchos empresarios\u00a0<strong>lo peligroso que resulta tener todos los huevos en la misma cesta<\/strong>, y c\u00f3mo cualquier evento inesperado puede llevarse por delante todo su patrimonio.<\/p><p>4. Las brutales\u00a0<strong>inyecciones de liquidez de los bancos centrales<\/strong>\u00a0van a dar un nuevo empuj\u00f3n a las econom\u00edas.<\/p><p>5. Las empresas sanas\u00a0<strong>capturar\u00e1n esta liquidez<\/strong>\u00a0y la utilizar\u00e1n para realizar adquisiciones.<\/p><p>6. En esta crisis del Covid-19 estamos viendo m\u00e1s conflictos por\u00a0<strong>desalineamiento de intereses entre socios.<\/strong>\u00a0Se enfrentan porque tienen diferentes perspectivas sobre c\u00f3mo afrontar la situaci\u00f3n. La venta de su compa\u00f1\u00eda ser\u00e1 una soluci\u00f3n.<\/p>\t\t\t\t\t\t\t\t<\/div>\n\t\t\t\t\t<\/div>\n\t\t\t\t<\/div>\n\t\t<div class=\"elementor-element elementor-element-cb35d21 e-flex e-con-boxed e-con e-parent\" data-id=\"cb35d21\" data-element_type=\"container\" data-e-type=\"container\">\n\t\t\t\t\t<div class=\"e-con-inner\">\n\t\t\t\t<div class=\"elementor-element elementor-element-ecc2055 elementor-widget elementor-widget-text-editor\" data-id=\"ecc2055\" data-element_type=\"widget\" data-e-type=\"widget\" data-widget_type=\"text-editor.default\">\n\t\t\t\t\t\t\t\t\t<p style=\"text-align: center\"><strong>Te puede interesar:<\/strong>\u00a0<a href=\"https:\/\/www.onetoonecf.com\/es\/espanol-fases-del-proceso-de-venta-de-una-empresa\/\"><strong>\u00bfC\u00f3mo es el proceso de venta de una empresa?\u00a0<\/strong><\/a><\/p>\t\t\t\t\t\t\t\t<\/div>\n\t\t\t\t\t<\/div>\n\t\t\t\t<\/div>\n\t\t<div class=\"elementor-element elementor-element-bb330cd e-flex e-con-boxed e-con e-parent\" data-id=\"bb330cd\" data-element_type=\"container\" data-e-type=\"container\">\n\t\t\t\t\t<div class=\"e-con-inner\">\n\t\t\t\t<div class=\"elementor-element elementor-element-0fd8f37 elementor-widget elementor-widget-text-editor\" data-id=\"0fd8f37\" data-element_type=\"widget\" data-e-type=\"widget\" data-widget_type=\"text-editor.default\">\n\t\t\t\t\t\t\t\t\t<p>7. Las empresas est\u00e1n revisando su organizaci\u00f3n interna, se\u00a0<strong>desprender\u00e1n de unidades non core<\/strong>\u00a0y acercar\u00e1n la producci\u00f3n a casa mediante la compraventa de competidores locales.<\/p><p>8. Servicios de telemedicina, educaci\u00f3n online, comercio electr\u00f3nico y comunicaci\u00f3n virtual, ser\u00e1n\u00a0<strong>targets preferidos para adquisiciones,\u00a0<\/strong>vista su necesidad durante la actual situaci\u00f3n de aislamiento social.<\/p><p>9. Surgir\u00e1n\u00a0<strong>oportunidades de compra en distress<\/strong>\u00a0en energ\u00eda, ocio, retail y otros sectores especialmente afectados por la crisis.<\/p><p>10. Dado que la crisis provocada por el coronavirus es temporal y que afecta a todos los sectores, los banqueros de inversi\u00f3n\u00a0<strong>normalizar\u00e1n en sus valoraciones los resultados de las empresas<\/strong>, aislando el efecto de la disrupci\u00f3n temporal, lo que facilitar\u00e1 la realizaci\u00f3n de compraventa de empresas a precios normalizados.<\/p><p>Las compa\u00f1\u00edas habr\u00e1n realizado ajustes de costes y optimizaci\u00f3n de sus capacidades, aprendiendo a trabajar de manera m\u00e1s flexible y eficaz, lo que aumentar\u00e1 su atractivo.<\/p><p>Son muchos las empresas que se han quedado en un tama\u00f1o intermedio, sin las econom\u00edas de escala de los grandes, ni la flexibilidad de los peque\u00f1os.<\/p><p>Vivimos una ola de acelerada concentraci\u00f3n en la mayor\u00eda de los sectores. Las primeras operaciones corporativas en el sector o subsector habitualmente se hacen en m\u00faltiplos m\u00e1s elevados. Los precios bajan cuando avanza la concentraci\u00f3n, entre otras cosas porque las rentabilidades, y por tanto los beneficios, de los que se han quedado fuera del proceso han bajado. Tambi\u00e9n porque el apetito de compra est\u00e1 ya saciado, ya hay menos compradores, pues el tama\u00f1o ha dejado de ser una necesidad para ellos.<\/p><p>Con tant\u00edsimo dinero en capital riesgo hay una\u00a0<strong>oportunidad \u00fanica para aquellos empresarios<\/strong>\u00a0que quieren apostar por la compraventa tras el COVID-19 e incorporar un socio para liderar ese proceso de concentraci\u00f3n en su sector.<\/p>\t\t\t\t\t\t\t\t<\/div>\n\t\t\t\t\t<\/div>\n\t\t\t\t<\/div>\n\t\t<div class=\"elementor-element elementor-element-9690567 e-flex e-con-boxed e-con e-parent\" data-id=\"9690567\" data-element_type=\"container\" data-e-type=\"container\">\n\t\t\t\t\t<div class=\"e-con-inner\">\n\t\t\t\t<div class=\"elementor-element elementor-element-9a7ae1f elementor-widget elementor-widget-text-editor\" data-id=\"9a7ae1f\" data-element_type=\"widget\" data-e-type=\"widget\" data-widget_type=\"text-editor.default\">\n\t\t\t\t\t\t\t\t\t<p style=\"text-align: center\">Las empresas habr\u00e1n realizado ajustes de costes y optimizaci\u00f3n de sus capacidades, aprendiendo a trabajar de manera m\u00e1s flexible y eficaz, lo que aumentar\u00e1 su atractivo.<\/p>\t\t\t\t\t\t\t\t<\/div>\n\t\t\t\t\t<\/div>\n\t\t\t\t<\/div>\n\t\t<div class=\"elementor-element elementor-element-8ef9e59 e-flex e-con-boxed e-con e-parent\" data-id=\"8ef9e59\" data-element_type=\"container\" data-e-type=\"container\">\n\t\t\t\t\t<div class=\"e-con-inner\">\n\t\t\t\t<div class=\"elementor-element elementor-element-06b3449 elementor-widget elementor-widget-text-editor\" data-id=\"06b3449\" data-element_type=\"widget\" data-e-type=\"widget\" data-widget_type=\"text-editor.default\">\n\t\t\t\t\t\t\t\t\t<p>Escrito por <a href=\"https:\/\/www.onetoonecf.com\/es\/oner-details\/?Id_users=8\">Enrique Quemada,<\/a>\u00a0 Presidente de ONEtoONE Corporate Finance<\/p>\t\t\t\t\t\t\t\t<\/div>\n\t\t\t\t\t<\/div>\n\t\t\t\t<\/div>\n\t\t<div class=\"elementor-element elementor-element-e329d15 e-flex e-con-boxed e-con e-parent\" data-id=\"e329d15\" data-element_type=\"container\" data-e-type=\"container\">\n\t\t\t\t\t<div class=\"e-con-inner\">\n\t\t\t\t<div class=\"elementor-element elementor-element-7602954 elementor-widget elementor-widget-text-editor\" data-id=\"7602954\" data-element_type=\"widget\" data-e-type=\"widget\" data-widget_type=\"text-editor.default\">\n\t\t\t\t\t\t\t\t\t<p>En\u00a0<a href=\"https:\/\/www.onetoonecf.com\/es\/asesores-fusiones-y-adquisiciones\/\">ONEtoONE<\/a>\u00a0tenemos un amplio conocimiento del sector y de las actividades de\u00a0<strong>compra y venta de empresas<\/strong>\u00a0ya que hemos participado en m\u00e1s de 1.000 mandatos. Podr\u00edamos darle nuestra opini\u00f3n sobre rangos de valor y otros aspectos de una posible operaci\u00f3n corporativa. Si necesitas\u00a0<strong>asesoramiento<\/strong>\u00a0o est\u00e1s interesado en la\u00a0<strong>compra venta de empresas<\/strong>\u00a0<a href=\"https:\/\/www.onetoonecf.com\/es\/compraventa-empresas-contacto\/\">cont\u00e1ctanos<\/a>.<\/p>\t\t\t\t\t\t\t\t<\/div>\n\t\t\t\t\t<\/div>\n\t\t\t\t<\/div>\n\t\t\t\t<\/div>\n\t\t","protected":false},"excerpt":{"rendered":"<p>Estamos en etapa de turbulencia y par\u00e1lisis provocada por la crisis del Covid-19. Sin embargo, el mundo de la compraventa de empresas se reactivar\u00e1 en unos meses y lo har\u00e1 con fuerza. A continuaci\u00f3n, describo los\u00a0diez motores que mover\u00e1n las operaciones de compraventa de empresas tras el COVID-19,\u00a0a partir del mes de septiembre de este [&hellip;]<\/p>\n","protected":false},"author":4,"featured_media":58435,"comment_status":"open","ping_status":"open","sticky":false,"template":"elementor_theme","format":"standard","meta":{"_joinchat":[],"footnotes":""},"categories":[1],"tags":[456,457,81,458,460],"class_list":["post-58432","post","type-post","status-publish","format-standard","has-post-thumbnail","hentry","category-ma-process","tag-coronavirus","tag-crisis","tag-noticias","tag-reactivacion","tag-tendencias"],"yoast_head":"<!-- This site is optimized with the Yoast SEO plugin v27.5 - https:\/\/yoast.com\/product\/yoast-seo-wordpress\/ -->\n<title>Compraventa de empresas y COVID-19 - ONEtoONE Corporate Finance<\/title>\n<meta name=\"description\" content=\"Una vez superada la crisis del COVID-19, volver\u00e1 con m\u00e1s fuerza la compraventa de empresas. Enrique Quemada tiene las 10 claves que reactivar\u00e1n el mercado.\" \/>\n<meta name=\"robots\" content=\"index, follow, max-snippet:-1, max-image-preview:large, max-video-preview:-1\" \/>\n<link rel=\"canonical\" href=\"https:\/\/www.onetoonecf.com\/es\/por-que-se-reactivaran-las-fusiones-y-adquisiciones\/\" \/>\n<meta property=\"og:locale\" content=\"es_ES\" \/>\n<meta property=\"og:type\" content=\"article\" \/>\n<meta property=\"og:title\" content=\"Compraventa de empresas y COVID-19 - ONEtoONE Corporate Finance\" \/>\n<meta property=\"og:description\" content=\"Una vez superada la crisis del COVID-19, volver\u00e1 con m\u00e1s fuerza la compraventa de empresas. Enrique Quemada tiene las 10 claves que reactivar\u00e1n el mercado.\" \/>\n<meta property=\"og:url\" content=\"https:\/\/www.onetoonecf.com\/es\/por-que-se-reactivaran-las-fusiones-y-adquisiciones\/\" \/>\n<meta property=\"og:site_name\" content=\"ONEtoONE Corporate Finance\" \/>\n<meta property=\"article:published_time\" content=\"2020-03-19T09:22:42+00:00\" \/>\n<meta property=\"article:modified_time\" content=\"2026-03-23T08:35:58+00:00\" \/>\n<meta property=\"og:image\" content=\"https:\/\/www.onetoonecf.com\/wp-content\/uploads\/sites\/16\/2020\/03\/mapickup.jpg\" \/>\n\t<meta property=\"og:image:width\" content=\"1178\" \/>\n\t<meta property=\"og:image:height\" content=\"537\" \/>\n\t<meta property=\"og:image:type\" content=\"image\/jpeg\" \/>\n<meta name=\"author\" content=\"lauracatalan\" \/>\n<meta name=\"twitter:card\" content=\"summary_large_image\" \/>\n<meta name=\"twitter:label1\" content=\"Escrito por\" \/>\n\t<meta name=\"twitter:data1\" content=\"lauracatalan\" \/>\n\t<meta name=\"twitter:label2\" content=\"Tiempo de lectura\" \/>\n\t<meta name=\"twitter:data2\" content=\"4 minutos\" \/>\n<script type=\"application\/ld+json\" class=\"yoast-schema-graph\">{\"@context\":\"https:\\\/\\\/schema.org\",\"@graph\":[{\"@type\":\"Article\",\"@id\":\"https:\\\/\\\/www.onetoonecf.com\\\/es\\\/por-que-se-reactivaran-las-fusiones-y-adquisiciones\\\/#article\",\"isPartOf\":{\"@id\":\"https:\\\/\\\/www.onetoonecf.com\\\/es\\\/por-que-se-reactivaran-las-fusiones-y-adquisiciones\\\/\"},\"author\":{\"name\":\"lauracatalan\",\"@id\":\"https:\\\/\\\/www.onetoonecf.com\\\/es\\\/#\\\/schema\\\/person\\\/d9a76871c13ec2a7d5bf2e68e6a791d5\"},\"headline\":\"Por qu\u00e9 se reactivar\u00e1 la compraventa de empresas tras la crisis del Covid-19\",\"datePublished\":\"2020-03-19T09:22:42+00:00\",\"dateModified\":\"2026-03-23T08:35:58+00:00\",\"mainEntityOfPage\":{\"@id\":\"https:\\\/\\\/www.onetoonecf.com\\\/es\\\/por-que-se-reactivaran-las-fusiones-y-adquisiciones\\\/\"},\"wordCount\":717,\"commentCount\":0,\"image\":{\"@id\":\"https:\\\/\\\/www.onetoonecf.com\\\/es\\\/por-que-se-reactivaran-las-fusiones-y-adquisiciones\\\/#primaryimage\"},\"thumbnailUrl\":\"https:\\\/\\\/www.onetoonecf.com\\\/wp-content\\\/uploads\\\/sites\\\/16\\\/2020\\\/03\\\/mapickup.jpg\",\"keywords\":[\"coronavirus\",\"crisis\",\"Noticias\",\"reactivaci\u00f3n\",\"tendencias\"],\"articleSection\":[\"Procesos de M&amp;A\"],\"inLanguage\":\"es\",\"potentialAction\":[{\"@type\":\"CommentAction\",\"name\":\"Comment\",\"target\":[\"https:\\\/\\\/www.onetoonecf.com\\\/es\\\/por-que-se-reactivaran-las-fusiones-y-adquisiciones\\\/#respond\"]}]},{\"@type\":\"WebPage\",\"@id\":\"https:\\\/\\\/www.onetoonecf.com\\\/es\\\/por-que-se-reactivaran-las-fusiones-y-adquisiciones\\\/\",\"url\":\"https:\\\/\\\/www.onetoonecf.com\\\/es\\\/por-que-se-reactivaran-las-fusiones-y-adquisiciones\\\/\",\"name\":\"Compraventa de empresas y COVID-19 - ONEtoONE Corporate Finance\",\"isPartOf\":{\"@id\":\"https:\\\/\\\/www.onetoonecf.com\\\/es\\\/#website\"},\"primaryImageOfPage\":{\"@id\":\"https:\\\/\\\/www.onetoonecf.com\\\/es\\\/por-que-se-reactivaran-las-fusiones-y-adquisiciones\\\/#primaryimage\"},\"image\":{\"@id\":\"https:\\\/\\\/www.onetoonecf.com\\\/es\\\/por-que-se-reactivaran-las-fusiones-y-adquisiciones\\\/#primaryimage\"},\"thumbnailUrl\":\"https:\\\/\\\/www.onetoonecf.com\\\/wp-content\\\/uploads\\\/sites\\\/16\\\/2020\\\/03\\\/mapickup.jpg\",\"datePublished\":\"2020-03-19T09:22:42+00:00\",\"dateModified\":\"2026-03-23T08:35:58+00:00\",\"author\":{\"@id\":\"https:\\\/\\\/www.onetoonecf.com\\\/es\\\/#\\\/schema\\\/person\\\/d9a76871c13ec2a7d5bf2e68e6a791d5\"},\"description\":\"Una vez superada la crisis del COVID-19, volver\u00e1 con m\u00e1s fuerza la compraventa de empresas. Enrique Quemada tiene las 10 claves que reactivar\u00e1n el mercado.\",\"breadcrumb\":{\"@id\":\"https:\\\/\\\/www.onetoonecf.com\\\/es\\\/por-que-se-reactivaran-las-fusiones-y-adquisiciones\\\/#breadcrumb\"},\"inLanguage\":\"es\",\"potentialAction\":[{\"@type\":\"ReadAction\",\"target\":[\"https:\\\/\\\/www.onetoonecf.com\\\/es\\\/por-que-se-reactivaran-las-fusiones-y-adquisiciones\\\/\"]}]},{\"@type\":\"ImageObject\",\"inLanguage\":\"es\",\"@id\":\"https:\\\/\\\/www.onetoonecf.com\\\/es\\\/por-que-se-reactivaran-las-fusiones-y-adquisiciones\\\/#primaryimage\",\"url\":\"https:\\\/\\\/www.onetoonecf.com\\\/wp-content\\\/uploads\\\/sites\\\/16\\\/2020\\\/03\\\/mapickup.jpg\",\"contentUrl\":\"https:\\\/\\\/www.onetoonecf.com\\\/wp-content\\\/uploads\\\/sites\\\/16\\\/2020\\\/03\\\/mapickup.jpg\",\"width\":1178,\"height\":537,\"caption\":\"compraventa covid-19\"},{\"@type\":\"BreadcrumbList\",\"@id\":\"https:\\\/\\\/www.onetoonecf.com\\\/es\\\/por-que-se-reactivaran-las-fusiones-y-adquisiciones\\\/#breadcrumb\",\"itemListElement\":[{\"@type\":\"ListItem\",\"position\":1,\"name\":\"Home\",\"item\":\"https:\\\/\\\/www.onetoonecf.com\\\/es\\\/new-home-2025\\\/\"},{\"@type\":\"ListItem\",\"position\":2,\"name\":\"Por qu\u00e9 se reactivar\u00e1 la compraventa de empresas tras la crisis del Covid-19\"}]},{\"@type\":\"WebSite\",\"@id\":\"https:\\\/\\\/www.onetoonecf.com\\\/es\\\/#website\",\"url\":\"https:\\\/\\\/www.onetoonecf.com\\\/es\\\/\",\"name\":\"ONEtoONE Corporate Finance\",\"description\":\"\",\"potentialAction\":[{\"@type\":\"SearchAction\",\"target\":{\"@type\":\"EntryPoint\",\"urlTemplate\":\"https:\\\/\\\/www.onetoonecf.com\\\/es\\\/?s={search_term_string}\"},\"query-input\":{\"@type\":\"PropertyValueSpecification\",\"valueRequired\":true,\"valueName\":\"search_term_string\"}}],\"inLanguage\":\"es\"},{\"@type\":\"Person\",\"@id\":\"https:\\\/\\\/www.onetoonecf.com\\\/es\\\/#\\\/schema\\\/person\\\/d9a76871c13ec2a7d5bf2e68e6a791d5\",\"name\":\"lauracatalan\",\"image\":{\"@type\":\"ImageObject\",\"inLanguage\":\"es\",\"@id\":\"https:\\\/\\\/secure.gravatar.com\\\/avatar\\\/c6f5ebf33c4369be99a0649f6a301fabac071e72ea3646f45109a4b1dda1c3e5?s=96&d=mm&r=g\",\"url\":\"https:\\\/\\\/secure.gravatar.com\\\/avatar\\\/c6f5ebf33c4369be99a0649f6a301fabac071e72ea3646f45109a4b1dda1c3e5?s=96&d=mm&r=g\",\"contentUrl\":\"https:\\\/\\\/secure.gravatar.com\\\/avatar\\\/c6f5ebf33c4369be99a0649f6a301fabac071e72ea3646f45109a4b1dda1c3e5?s=96&d=mm&r=g\",\"caption\":\"lauracatalan\"},\"url\":\"https:\\\/\\\/www.onetoonecf.com\\\/es\\\/author\\\/lauracatalan\\\/\"}]}<\/script>\n<!-- \/ Yoast SEO plugin. -->","yoast_head_json":{"title":"Compraventa de empresas y COVID-19 - ONEtoONE Corporate Finance","description":"Una vez superada la crisis del COVID-19, volver\u00e1 con m\u00e1s fuerza la compraventa de empresas. Enrique Quemada tiene las 10 claves que reactivar\u00e1n el mercado.","robots":{"index":"index","follow":"follow","max-snippet":"max-snippet:-1","max-image-preview":"max-image-preview:large","max-video-preview":"max-video-preview:-1"},"canonical":"https:\/\/www.onetoonecf.com\/es\/por-que-se-reactivaran-las-fusiones-y-adquisiciones\/","og_locale":"es_ES","og_type":"article","og_title":"Compraventa de empresas y COVID-19 - ONEtoONE Corporate Finance","og_description":"Una vez superada la crisis del COVID-19, volver\u00e1 con m\u00e1s fuerza la compraventa de empresas. Enrique Quemada tiene las 10 claves que reactivar\u00e1n el mercado.","og_url":"https:\/\/www.onetoonecf.com\/es\/por-que-se-reactivaran-las-fusiones-y-adquisiciones\/","og_site_name":"ONEtoONE Corporate Finance","article_published_time":"2020-03-19T09:22:42+00:00","article_modified_time":"2026-03-23T08:35:58+00:00","og_image":[{"width":1178,"height":537,"url":"https:\/\/www.onetoonecf.com\/wp-content\/uploads\/sites\/16\/2020\/03\/mapickup.jpg","type":"image\/jpeg"}],"author":"lauracatalan","twitter_card":"summary_large_image","twitter_misc":{"Escrito por":"lauracatalan","Tiempo de lectura":"4 minutos"},"schema":{"@context":"https:\/\/schema.org","@graph":[{"@type":"Article","@id":"https:\/\/www.onetoonecf.com\/es\/por-que-se-reactivaran-las-fusiones-y-adquisiciones\/#article","isPartOf":{"@id":"https:\/\/www.onetoonecf.com\/es\/por-que-se-reactivaran-las-fusiones-y-adquisiciones\/"},"author":{"name":"lauracatalan","@id":"https:\/\/www.onetoonecf.com\/es\/#\/schema\/person\/d9a76871c13ec2a7d5bf2e68e6a791d5"},"headline":"Por qu\u00e9 se reactivar\u00e1 la compraventa de empresas tras la crisis del Covid-19","datePublished":"2020-03-19T09:22:42+00:00","dateModified":"2026-03-23T08:35:58+00:00","mainEntityOfPage":{"@id":"https:\/\/www.onetoonecf.com\/es\/por-que-se-reactivaran-las-fusiones-y-adquisiciones\/"},"wordCount":717,"commentCount":0,"image":{"@id":"https:\/\/www.onetoonecf.com\/es\/por-que-se-reactivaran-las-fusiones-y-adquisiciones\/#primaryimage"},"thumbnailUrl":"https:\/\/www.onetoonecf.com\/wp-content\/uploads\/sites\/16\/2020\/03\/mapickup.jpg","keywords":["coronavirus","crisis","Noticias","reactivaci\u00f3n","tendencias"],"articleSection":["Procesos de M&amp;A"],"inLanguage":"es","potentialAction":[{"@type":"CommentAction","name":"Comment","target":["https:\/\/www.onetoonecf.com\/es\/por-que-se-reactivaran-las-fusiones-y-adquisiciones\/#respond"]}]},{"@type":"WebPage","@id":"https:\/\/www.onetoonecf.com\/es\/por-que-se-reactivaran-las-fusiones-y-adquisiciones\/","url":"https:\/\/www.onetoonecf.com\/es\/por-que-se-reactivaran-las-fusiones-y-adquisiciones\/","name":"Compraventa de empresas y COVID-19 - ONEtoONE Corporate Finance","isPartOf":{"@id":"https:\/\/www.onetoonecf.com\/es\/#website"},"primaryImageOfPage":{"@id":"https:\/\/www.onetoonecf.com\/es\/por-que-se-reactivaran-las-fusiones-y-adquisiciones\/#primaryimage"},"image":{"@id":"https:\/\/www.onetoonecf.com\/es\/por-que-se-reactivaran-las-fusiones-y-adquisiciones\/#primaryimage"},"thumbnailUrl":"https:\/\/www.onetoonecf.com\/wp-content\/uploads\/sites\/16\/2020\/03\/mapickup.jpg","datePublished":"2020-03-19T09:22:42+00:00","dateModified":"2026-03-23T08:35:58+00:00","author":{"@id":"https:\/\/www.onetoonecf.com\/es\/#\/schema\/person\/d9a76871c13ec2a7d5bf2e68e6a791d5"},"description":"Una vez superada la crisis del COVID-19, volver\u00e1 con m\u00e1s fuerza la compraventa de empresas. Enrique Quemada tiene las 10 claves que reactivar\u00e1n el mercado.","breadcrumb":{"@id":"https:\/\/www.onetoonecf.com\/es\/por-que-se-reactivaran-las-fusiones-y-adquisiciones\/#breadcrumb"},"inLanguage":"es","potentialAction":[{"@type":"ReadAction","target":["https:\/\/www.onetoonecf.com\/es\/por-que-se-reactivaran-las-fusiones-y-adquisiciones\/"]}]},{"@type":"ImageObject","inLanguage":"es","@id":"https:\/\/www.onetoonecf.com\/es\/por-que-se-reactivaran-las-fusiones-y-adquisiciones\/#primaryimage","url":"https:\/\/www.onetoonecf.com\/wp-content\/uploads\/sites\/16\/2020\/03\/mapickup.jpg","contentUrl":"https:\/\/www.onetoonecf.com\/wp-content\/uploads\/sites\/16\/2020\/03\/mapickup.jpg","width":1178,"height":537,"caption":"compraventa covid-19"},{"@type":"BreadcrumbList","@id":"https:\/\/www.onetoonecf.com\/es\/por-que-se-reactivaran-las-fusiones-y-adquisiciones\/#breadcrumb","itemListElement":[{"@type":"ListItem","position":1,"name":"Home","item":"https:\/\/www.onetoonecf.com\/es\/new-home-2025\/"},{"@type":"ListItem","position":2,"name":"Por qu\u00e9 se reactivar\u00e1 la compraventa de empresas tras la crisis del Covid-19"}]},{"@type":"WebSite","@id":"https:\/\/www.onetoonecf.com\/es\/#website","url":"https:\/\/www.onetoonecf.com\/es\/","name":"ONEtoONE Corporate Finance","description":"","potentialAction":[{"@type":"SearchAction","target":{"@type":"EntryPoint","urlTemplate":"https:\/\/www.onetoonecf.com\/es\/?s={search_term_string}"},"query-input":{"@type":"PropertyValueSpecification","valueRequired":true,"valueName":"search_term_string"}}],"inLanguage":"es"},{"@type":"Person","@id":"https:\/\/www.onetoonecf.com\/es\/#\/schema\/person\/d9a76871c13ec2a7d5bf2e68e6a791d5","name":"lauracatalan","image":{"@type":"ImageObject","inLanguage":"es","@id":"https:\/\/secure.gravatar.com\/avatar\/c6f5ebf33c4369be99a0649f6a301fabac071e72ea3646f45109a4b1dda1c3e5?s=96&d=mm&r=g","url":"https:\/\/secure.gravatar.com\/avatar\/c6f5ebf33c4369be99a0649f6a301fabac071e72ea3646f45109a4b1dda1c3e5?s=96&d=mm&r=g","contentUrl":"https:\/\/secure.gravatar.com\/avatar\/c6f5ebf33c4369be99a0649f6a301fabac071e72ea3646f45109a4b1dda1c3e5?s=96&d=mm&r=g","caption":"lauracatalan"},"url":"https:\/\/www.onetoonecf.com\/es\/author\/lauracatalan\/"}]}},"_links":{"self":[{"href":"https:\/\/www.onetoonecf.com\/es\/wp-json\/wp\/v2\/posts\/58432","targetHints":{"allow":["GET"]}}],"collection":[{"href":"https:\/\/www.onetoonecf.com\/es\/wp-json\/wp\/v2\/posts"}],"about":[{"href":"https:\/\/www.onetoonecf.com\/es\/wp-json\/wp\/v2\/types\/post"}],"author":[{"embeddable":true,"href":"https:\/\/www.onetoonecf.com\/es\/wp-json\/wp\/v2\/users\/4"}],"replies":[{"embeddable":true,"href":"https:\/\/www.onetoonecf.com\/es\/wp-json\/wp\/v2\/comments?post=58432"}],"version-history":[{"count":18,"href":"https:\/\/www.onetoonecf.com\/es\/wp-json\/wp\/v2\/posts\/58432\/revisions"}],"predecessor-version":[{"id":137773,"href":"https:\/\/www.onetoonecf.com\/es\/wp-json\/wp\/v2\/posts\/58432\/revisions\/137773"}],"wp:featuredmedia":[{"embeddable":true,"href":"https:\/\/www.onetoonecf.com\/es\/wp-json\/wp\/v2\/media\/58435"}],"wp:attachment":[{"href":"https:\/\/www.onetoonecf.com\/es\/wp-json\/wp\/v2\/media?parent=58432"}],"wp:term":[{"taxonomy":"category","embeddable":true,"href":"https:\/\/www.onetoonecf.com\/es\/wp-json\/wp\/v2\/categories?post=58432"},{"taxonomy":"post_tag","embeddable":true,"href":"https:\/\/www.onetoonecf.com\/es\/wp-json\/wp\/v2\/tags?post=58432"}],"curies":[{"name":"wp","href":"https:\/\/api.w.org\/{rel}","templated":true}]}}