{"id":6077,"date":"2018-02-15T11:01:06","date_gmt":"2018-02-15T10:01:06","guid":{"rendered":"http:\/\/ww3.onetoonecf.com\/en\/?p=6077"},"modified":"2026-03-19T13:37:42","modified_gmt":"2026-03-19T12:37:42","slug":"bernar-de-la-hera-ma-en-el-sector-tic","status":"publish","type":"post","link":"https:\/\/www.onetoonecf.com\/es\/bernar-de-la-hera-ma-en-el-sector-tic\/","title":{"rendered":"Bernar de la Hera: M&amp;A en el sector TIC"},"content":{"rendered":"<style>.elementor-6077 .elementor-element.elementor-element-7d9b589d{--display:flex;}.elementor-6077 .elementor-element.elementor-element-2907860{--display:flex;}.elementor-6077 .elementor-element.elementor-element-68e610f{--display:flex;}.elementor-6077 .elementor-element.elementor-element-b15e03c{--display:flex;}.elementor-6077 .elementor-element.elementor-element-605bcb6{--display:flex;}.elementor-6077 .elementor-element.elementor-element-cc302e0{--display:flex;}.elementor-6077 .elementor-element.elementor-element-921929c{--display:flex;}.elementor-6077 .elementor-element.elementor-element-4412f0d{--display:flex;}.elementor-6077 .elementor-element.elementor-element-ac47c54{--display:flex;}<\/style>\t\t<div data-elementor-type=\"wp-post\" data-elementor-id=\"6077\" class=\"elementor elementor-6077 elementor-6073\" data-elementor-post-type=\"post\">\n\t\t\t\t<div class=\"elementor-element elementor-element-7d9b589d e-flex e-con-boxed e-con e-parent\" data-id=\"7d9b589d\" data-element_type=\"container\" data-e-type=\"container\">\n\t\t\t\t\t<div class=\"e-con-inner\">\n\t\t\t\t<div class=\"elementor-element elementor-element-5274d7fa elementor-widget elementor-widget-text-editor\" data-id=\"5274d7fa\" data-element_type=\"widget\" data-e-type=\"widget\" data-widget_type=\"text-editor.default\">\n\t\t\t\t\t\t\t\t\t<p>Un entrevista con <a href=\"https:\/\/www.linkedin.com\/in\/bernar-de-la-hera-67b30a1\/\" target=\"_blank\" rel=\"noopener noreferrer\">Bernar De La Hera<\/a>, nuestro partner en Espa\u00f1a.<\/p>\t\t\t\t\t\t\t\t<\/div>\n\t\t\t\t\t<\/div>\n\t\t\t\t<\/div>\n\t\t<div class=\"elementor-element elementor-element-2907860 e-flex e-con-boxed e-con e-parent\" data-id=\"2907860\" data-element_type=\"container\" data-e-type=\"container\">\n\t\t\t\t\t<div class=\"e-con-inner\">\n\t\t\t\t<div class=\"elementor-element elementor-element-455851f elementor-widget elementor-widget-heading\" data-id=\"455851f\" data-element_type=\"widget\" data-e-type=\"widget\" data-widget_type=\"heading.default\">\n\t\t\t\t\t<h2 class=\"elementor-heading-title elementor-size-default\">Bernar, experto de M&amp;A en el sector TIC<\/h2>\t\t\t\t<\/div>\n\t\t\t\t\t<\/div>\n\t\t\t\t<\/div>\n\t\t<div class=\"elementor-element elementor-element-68e610f e-flex e-con-boxed e-con e-parent\" data-id=\"68e610f\" data-element_type=\"container\" data-e-type=\"container\">\n\t\t\t\t\t<div class=\"e-con-inner\">\n\t\t\t\t<div class=\"elementor-element elementor-element-6a4a391 elementor-widget elementor-widget-text-editor\" data-id=\"6a4a391\" data-element_type=\"widget\" data-e-type=\"widget\" data-widget_type=\"text-editor.default\">\n\t\t\t\t\t\t\t\t\t<p>Yo no venia del sector de banca de empresa tradicional. Durante toda mi vida profesional hab\u00eda tenido puestos directivos en empresas multinacionales del sector de las tecnolog\u00edas de la informaci\u00f3n. En mi \u00faltima etapa estaba trabajando como consultor independiente. Hace unos cuatro a\u00f1os un socio actual de ONEtoONE, antiguo CEO de una compa\u00f1\u00eda con la que hab\u00eda colaborado, me puso en contacto con ONEtoONE. La empresa quer\u00eda incorporar un socio con alto nivel de conocimiento del sector TIC. Es uno de los sectores en los que m\u00e1s numero de transacciones de M&amp;A se producen. Tambi\u00e9n necesita un profundo conocimiento del mismo y desde entonces estoy trabajando en ONEtoONE como especialista en sector TIC.<\/p>\t\t\t\t\t\t\t\t<\/div>\n\t\t\t\t\t<\/div>\n\t\t\t\t<\/div>\n\t\t<div class=\"elementor-element elementor-element-b15e03c e-flex e-con-boxed e-con e-parent\" data-id=\"b15e03c\" data-element_type=\"container\" data-e-type=\"container\">\n\t\t\t\t\t<div class=\"e-con-inner\">\n\t\t\t\t<div class=\"elementor-element elementor-element-8c3d078 elementor-widget elementor-widget-heading\" data-id=\"8c3d078\" data-element_type=\"widget\" data-e-type=\"widget\" data-widget_type=\"heading.default\">\n\t\t\t\t\t<h2 class=\"elementor-heading-title elementor-size-default\">M&amp;A y sector TIC en Espa\u00f1a<\/h2>\t\t\t\t<\/div>\n\t\t\t\t\t<\/div>\n\t\t\t\t<\/div>\n\t\t<div class=\"elementor-element elementor-element-605bcb6 e-flex e-con-boxed e-con e-parent\" data-id=\"605bcb6\" data-element_type=\"container\" data-e-type=\"container\">\n\t\t\t\t\t<div class=\"e-con-inner\">\n\t\t\t\t<div class=\"elementor-element elementor-element-f38e352 elementor-widget elementor-widget-text-editor\" data-id=\"f38e352\" data-element_type=\"widget\" data-e-type=\"widget\" data-widget_type=\"text-editor.default\">\n\t\t\t\t\t\t\t\t\t<p>Nuestro trabajo como partners consiste en ayudar a los empresarios a realizar posiblemente una de las decisiones m\u00e1s importantes en su vida profesional: realizar una operaci\u00f3n corporativa. Esto incluye no solo la venta de la empresa, sino tambi\u00e9n la b\u00fasqueda de inversores para su crecimiento o la incorporaci\u00f3n de otras compa\u00f1\u00edas al grupo. Este proceso es especialmente delicado en el sector TIC. All\u00ed, la gran parte del valor de las compa\u00f1\u00edas est\u00e1n en las personas. Adem\u00e1s las compa\u00f1\u00edas en Espa\u00f1a son especialmente peque\u00f1as y con muy poca experiencia en este tipo de operaciones.<\/p><p>El sector TIC en Espa\u00f1a est\u00e1 compuesto por compa\u00f1\u00edas relativamente peque\u00f1as. Tienen poca capacidad financiera de abordar procesos complejos de inversi\u00f3n, tanto de producto como de internacionalizaci\u00f3n. Si quieren seguir creciendo deben integrarse en organizaciones m\u00e1s grandes que le permitan desarrollar todo su potencial.<\/p><p>Lo que esta sucediendo ahora en Espa\u00f1a es la aparici\u00f3n de compa\u00f1\u00edas TIC boutiques. Son empresas con alto grado de conocimiento en sectores de alto crecimiento, como es el Marketing Digital, Intelligencia de Negocio, IoT, Big Data y todo lo que esta relacionado con los nuevos modelos de B2C, que est\u00e1n cambiando la forma de relacionarse las empresas con los clientes finales y aqu\u00ed se est\u00e1n produciendo transacciones corporativas muy interesantes.<\/p>\t\t\t\t\t\t\t\t<\/div>\n\t\t\t\t\t<\/div>\n\t\t\t\t<\/div>\n\t\t<div class=\"elementor-element elementor-element-cc302e0 e-flex e-con-boxed e-con e-parent\" data-id=\"cc302e0\" data-element_type=\"container\" data-e-type=\"container\">\n\t\t\t\t\t<div class=\"e-con-inner\">\n\t\t\t\t<div class=\"elementor-element elementor-element-ab84a98 elementor-widget elementor-widget-heading\" data-id=\"ab84a98\" data-element_type=\"widget\" data-e-type=\"widget\" data-widget_type=\"heading.default\">\n\t\t\t\t\t<h2 class=\"elementor-heading-title elementor-size-default\">ONEtoONE ayuda los emprendedores y tiene una vision global<\/h2>\t\t\t\t<\/div>\n\t\t\t\t\t<\/div>\n\t\t\t\t<\/div>\n\t\t<div class=\"elementor-element elementor-element-921929c e-flex e-con-boxed e-con e-parent\" data-id=\"921929c\" data-element_type=\"container\" data-e-type=\"container\">\n\t\t\t\t\t<div class=\"e-con-inner\">\n\t\t\t\t<div class=\"elementor-element elementor-element-0c5bec1 elementor-widget elementor-widget-text-editor\" data-id=\"0c5bec1\" data-element_type=\"widget\" data-e-type=\"widget\" data-widget_type=\"text-editor.default\">\n\t\t\t\t\t\t\t\t\t<p>Ayudar a los empresarios a encontrar la compa\u00f1\u00eda adecuada me hace muy feliz. No solo busco maximizar su valor, sino tambi\u00e9n asegurar que encajen en el futuro desarrollo y la cultura. Puedo decir que en todas las transacciones que he cerrado, los antiguos accionistas siguen trabajando en la compa\u00f1ia de forma totalmente satisfactoria.<\/p><p>Por otro lado, ONEtoONE te da la oportunidad de intercambiar proyectos con otros socios de la compa\u00f1\u00eda a nivel mundial. Esto te enriquece personalmente. Asimismo, te ayuda de forma importante a tener una visi\u00f3n mas global de los sectores en los que trabajas.<\/p>\t\t\t\t\t\t\t\t<\/div>\n\t\t\t\t\t<\/div>\n\t\t\t\t<\/div>\n\t\t<div class=\"elementor-element elementor-element-4412f0d e-flex e-con-boxed e-con e-parent\" data-id=\"4412f0d\" data-element_type=\"container\" data-e-type=\"container\">\n\t\t\t\t\t<div class=\"e-con-inner\">\n\t\t\t\t<div class=\"elementor-element elementor-element-bb3a68e elementor-widget elementor-widget-heading\" data-id=\"bb3a68e\" data-element_type=\"widget\" data-e-type=\"widget\" data-widget_type=\"heading.default\">\n\t\t\t\t\t<h2 class=\"elementor-heading-title elementor-size-default\">Mandatos en los que Bernar est\u00e1 trabajando<\/h2>\t\t\t\t<\/div>\n\t\t\t\t\t<\/div>\n\t\t\t\t<\/div>\n\t\t<div class=\"elementor-element elementor-element-ac47c54 e-flex e-con-boxed e-con e-parent\" data-id=\"ac47c54\" data-element_type=\"container\" data-e-type=\"container\">\n\t\t\t\t\t<div class=\"e-con-inner\">\n\t\t\t\t<div class=\"elementor-element elementor-element-e0fe81d elementor-widget elementor-widget-text-editor\" data-id=\"e0fe81d\" data-element_type=\"widget\" data-e-type=\"widget\" data-widget_type=\"text-editor.default\">\n\t\t\t\t\t\t\t\t\t<p>En estos momentos y dentro del sector de tecnolog\u00eda yo comentar\u00eda los siguientes mandatos:<\/p><p>-Una empresa de servicios en el entorno de Service Cloud y Marketing Cloud, que esta teniendo unos crecimientos espectaculares y que est\u00e1 despertando mucho inter\u00e9s en el mercado.<\/p><p>-Un negocio que ha desarrollado una soluci\u00f3n con un gran fabricante mundial para Pymes y que comercializa la soluci\u00f3n a trav\u00e9s de entidades bancaria.<\/p><p>-Una compa\u00f1\u00eda centra en el desarrollo de soluciones de ePayment y seguridad, que en estos momentos esta cambiando de forma importante en el mercado.<\/p>\t\t\t\t\t\t\t\t<\/div>\n\t\t\t\t\t<\/div>\n\t\t\t\t<\/div>\n\t\t\t\t<\/div>\n\t\t","protected":false},"excerpt":{"rendered":"<p>Un entrevista con Bernar De La Hera, nuestro partner en Espa\u00f1a. Bernar, experto de M&amp;A en el sector TIC Yo no venia del sector de banca de empresa tradicional. Durante toda mi vida profesional hab\u00eda tenido puestos directivos en empresas multinacionales del sector de las tecnolog\u00edas de la informaci\u00f3n. En mi \u00faltima etapa estaba trabajando [&hellip;]<\/p>\n","protected":false},"author":17,"featured_media":33465,"comment_status":"open","ping_status":"open","sticky":false,"template":"elementor_theme","format":"standard","meta":{"_joinchat":[],"footnotes":""},"categories":[384],"tags":[],"class_list":["post-6077","post","type-post","status-publish","format-standard","has-post-thumbnail","hentry","category-sobre-onetoone"],"yoast_head":"<!-- This site is optimized with the Yoast SEO plugin v27.5 - https:\/\/yoast.com\/product\/yoast-seo-wordpress\/ -->\n<title>Bernar de la Hera: M&amp;A en el sector TIC - ONEtoONE Corporate Finance<\/title>\n<meta name=\"description\" content=\"El sector TIC en Espa\u00f1a est\u00e1 compuesto por compa\u00f1\u00edas relativamente peque\u00f1as y con poca capacidad financiera de abordar proceso complejos de inversi\u00f3n.\" \/>\n<meta name=\"robots\" content=\"index, follow, max-snippet:-1, max-image-preview:large, max-video-preview:-1\" \/>\n<link rel=\"canonical\" href=\"https:\/\/www.onetoonecf.com\/es\/bernar-de-la-hera-ma-en-el-sector-tic\/\" \/>\n<meta property=\"og:locale\" content=\"es_ES\" \/>\n<meta property=\"og:type\" content=\"article\" \/>\n<meta property=\"og:title\" content=\"Bernar de la Hera: M&amp;A en el sector TIC - ONEtoONE Corporate Finance\" \/>\n<meta property=\"og:description\" content=\"El sector TIC en Espa\u00f1a est\u00e1 compuesto por compa\u00f1\u00edas relativamente peque\u00f1as y con poca capacidad financiera de abordar proceso complejos de inversi\u00f3n.\" \/>\n<meta property=\"og:url\" content=\"https:\/\/www.onetoonecf.com\/es\/bernar-de-la-hera-ma-en-el-sector-tic\/\" \/>\n<meta property=\"og:site_name\" content=\"ONEtoONE Corporate Finance\" \/>\n<meta property=\"article:published_time\" content=\"2018-02-15T10:01:06+00:00\" \/>\n<meta property=\"article:modified_time\" content=\"2026-03-19T12:37:42+00:00\" \/>\n<meta property=\"og:image\" content=\"https:\/\/www.onetoonecf.com\/wp-content\/uploads\/sites\/16\/2018\/02\/onetoone-team-1.png\" \/>\n\t<meta property=\"og:image:width\" content=\"750\" \/>\n\t<meta property=\"og:image:height\" content=\"342\" \/>\n\t<meta property=\"og:image:type\" content=\"image\/png\" \/>\n<meta name=\"author\" content=\"Abraham\" \/>\n<meta name=\"twitter:card\" content=\"summary_large_image\" \/>\n<meta name=\"twitter:label1\" content=\"Escrito por\" \/>\n\t<meta name=\"twitter:data1\" content=\"Abraham\" \/>\n\t<meta name=\"twitter:label2\" content=\"Tiempo de lectura\" \/>\n\t<meta name=\"twitter:data2\" content=\"3 minutos\" \/>\n<script type=\"application\/ld+json\" class=\"yoast-schema-graph\">{\"@context\":\"https:\\\/\\\/schema.org\",\"@graph\":[{\"@type\":\"Article\",\"@id\":\"https:\\\/\\\/www.onetoonecf.com\\\/es\\\/bernar-de-la-hera-ma-en-el-sector-tic\\\/#article\",\"isPartOf\":{\"@id\":\"https:\\\/\\\/www.onetoonecf.com\\\/es\\\/bernar-de-la-hera-ma-en-el-sector-tic\\\/\"},\"author\":{\"name\":\"Abraham\",\"@id\":\"https:\\\/\\\/www.onetoonecf.com\\\/es\\\/#\\\/schema\\\/person\\\/dfdccf7eec9e6134b312c3325601c914\"},\"headline\":\"Bernar de la Hera: M&amp;A en el sector TIC\",\"datePublished\":\"2018-02-15T10:01:06+00:00\",\"dateModified\":\"2026-03-19T12:37:42+00:00\",\"mainEntityOfPage\":{\"@id\":\"https:\\\/\\\/www.onetoonecf.com\\\/es\\\/bernar-de-la-hera-ma-en-el-sector-tic\\\/\"},\"wordCount\":612,\"commentCount\":0,\"image\":{\"@id\":\"https:\\\/\\\/www.onetoonecf.com\\\/es\\\/bernar-de-la-hera-ma-en-el-sector-tic\\\/#primaryimage\"},\"thumbnailUrl\":\"https:\\\/\\\/www.onetoonecf.com\\\/wp-content\\\/uploads\\\/sites\\\/16\\\/2018\\\/02\\\/onetoone-team-1.png\",\"articleSection\":[\"Sobre ONEtoONE\"],\"inLanguage\":\"es\",\"potentialAction\":[{\"@type\":\"CommentAction\",\"name\":\"Comment\",\"target\":[\"https:\\\/\\\/www.onetoonecf.com\\\/es\\\/bernar-de-la-hera-ma-en-el-sector-tic\\\/#respond\"]}]},{\"@type\":\"WebPage\",\"@id\":\"https:\\\/\\\/www.onetoonecf.com\\\/es\\\/bernar-de-la-hera-ma-en-el-sector-tic\\\/\",\"url\":\"https:\\\/\\\/www.onetoonecf.com\\\/es\\\/bernar-de-la-hera-ma-en-el-sector-tic\\\/\",\"name\":\"Bernar de la Hera: M&amp;A en el sector TIC - ONEtoONE Corporate Finance\",\"isPartOf\":{\"@id\":\"https:\\\/\\\/www.onetoonecf.com\\\/es\\\/#website\"},\"primaryImageOfPage\":{\"@id\":\"https:\\\/\\\/www.onetoonecf.com\\\/es\\\/bernar-de-la-hera-ma-en-el-sector-tic\\\/#primaryimage\"},\"image\":{\"@id\":\"https:\\\/\\\/www.onetoonecf.com\\\/es\\\/bernar-de-la-hera-ma-en-el-sector-tic\\\/#primaryimage\"},\"thumbnailUrl\":\"https:\\\/\\\/www.onetoonecf.com\\\/wp-content\\\/uploads\\\/sites\\\/16\\\/2018\\\/02\\\/onetoone-team-1.png\",\"datePublished\":\"2018-02-15T10:01:06+00:00\",\"dateModified\":\"2026-03-19T12:37:42+00:00\",\"author\":{\"@id\":\"https:\\\/\\\/www.onetoonecf.com\\\/es\\\/#\\\/schema\\\/person\\\/dfdccf7eec9e6134b312c3325601c914\"},\"description\":\"El sector TIC en Espa\u00f1a est\u00e1 compuesto por compa\u00f1\u00edas relativamente peque\u00f1as y con poca capacidad financiera de abordar proceso complejos de inversi\u00f3n.\",\"breadcrumb\":{\"@id\":\"https:\\\/\\\/www.onetoonecf.com\\\/es\\\/bernar-de-la-hera-ma-en-el-sector-tic\\\/#breadcrumb\"},\"inLanguage\":\"es\",\"potentialAction\":[{\"@type\":\"ReadAction\",\"target\":[\"https:\\\/\\\/www.onetoonecf.com\\\/es\\\/bernar-de-la-hera-ma-en-el-sector-tic\\\/\"]}]},{\"@type\":\"ImageObject\",\"inLanguage\":\"es\",\"@id\":\"https:\\\/\\\/www.onetoonecf.com\\\/es\\\/bernar-de-la-hera-ma-en-el-sector-tic\\\/#primaryimage\",\"url\":\"https:\\\/\\\/www.onetoonecf.com\\\/wp-content\\\/uploads\\\/sites\\\/16\\\/2018\\\/02\\\/onetoone-team-1.png\",\"contentUrl\":\"https:\\\/\\\/www.onetoonecf.com\\\/wp-content\\\/uploads\\\/sites\\\/16\\\/2018\\\/02\\\/onetoone-team-1.png\",\"width\":750,\"height\":342},{\"@type\":\"BreadcrumbList\",\"@id\":\"https:\\\/\\\/www.onetoonecf.com\\\/es\\\/bernar-de-la-hera-ma-en-el-sector-tic\\\/#breadcrumb\",\"itemListElement\":[{\"@type\":\"ListItem\",\"position\":1,\"name\":\"Home\",\"item\":\"https:\\\/\\\/www.onetoonecf.com\\\/es\\\/new-home-2025\\\/\"},{\"@type\":\"ListItem\",\"position\":2,\"name\":\"Bernar de la Hera: M&amp;A en el sector TIC\"}]},{\"@type\":\"WebSite\",\"@id\":\"https:\\\/\\\/www.onetoonecf.com\\\/es\\\/#website\",\"url\":\"https:\\\/\\\/www.onetoonecf.com\\\/es\\\/\",\"name\":\"ONEtoONE Corporate Finance\",\"description\":\"\",\"potentialAction\":[{\"@type\":\"SearchAction\",\"target\":{\"@type\":\"EntryPoint\",\"urlTemplate\":\"https:\\\/\\\/www.onetoonecf.com\\\/es\\\/?s={search_term_string}\"},\"query-input\":{\"@type\":\"PropertyValueSpecification\",\"valueRequired\":true,\"valueName\":\"search_term_string\"}}],\"inLanguage\":\"es\"},{\"@type\":\"Person\",\"@id\":\"https:\\\/\\\/www.onetoonecf.com\\\/es\\\/#\\\/schema\\\/person\\\/dfdccf7eec9e6134b312c3325601c914\",\"name\":\"Abraham\",\"image\":{\"@type\":\"ImageObject\",\"inLanguage\":\"es\",\"@id\":\"https:\\\/\\\/secure.gravatar.com\\\/avatar\\\/0b466caa50db826dacd52323d3d5fac6a15fa75ca28ec1ddcabc793422b39c7c?s=96&d=mm&r=g\",\"url\":\"https:\\\/\\\/secure.gravatar.com\\\/avatar\\\/0b466caa50db826dacd52323d3d5fac6a15fa75ca28ec1ddcabc793422b39c7c?s=96&d=mm&r=g\",\"contentUrl\":\"https:\\\/\\\/secure.gravatar.com\\\/avatar\\\/0b466caa50db826dacd52323d3d5fac6a15fa75ca28ec1ddcabc793422b39c7c?s=96&d=mm&r=g\",\"caption\":\"Abraham\"},\"url\":\"https:\\\/\\\/www.onetoonecf.com\\\/es\\\/author\\\/abraham-garcia\\\/\"}]}<\/script>\n<!-- \/ Yoast SEO plugin. -->","yoast_head_json":{"title":"Bernar de la Hera: M&amp;A en el sector TIC - ONEtoONE Corporate Finance","description":"El sector TIC en Espa\u00f1a est\u00e1 compuesto por compa\u00f1\u00edas relativamente peque\u00f1as y con poca capacidad financiera de abordar proceso complejos de inversi\u00f3n.","robots":{"index":"index","follow":"follow","max-snippet":"max-snippet:-1","max-image-preview":"max-image-preview:large","max-video-preview":"max-video-preview:-1"},"canonical":"https:\/\/www.onetoonecf.com\/es\/bernar-de-la-hera-ma-en-el-sector-tic\/","og_locale":"es_ES","og_type":"article","og_title":"Bernar de la Hera: M&amp;A en el sector TIC - ONEtoONE Corporate Finance","og_description":"El sector TIC en Espa\u00f1a est\u00e1 compuesto por compa\u00f1\u00edas relativamente peque\u00f1as y con poca capacidad financiera de abordar proceso complejos de inversi\u00f3n.","og_url":"https:\/\/www.onetoonecf.com\/es\/bernar-de-la-hera-ma-en-el-sector-tic\/","og_site_name":"ONEtoONE Corporate Finance","article_published_time":"2018-02-15T10:01:06+00:00","article_modified_time":"2026-03-19T12:37:42+00:00","og_image":[{"width":750,"height":342,"url":"https:\/\/www.onetoonecf.com\/wp-content\/uploads\/sites\/16\/2018\/02\/onetoone-team-1.png","type":"image\/png"}],"author":"Abraham","twitter_card":"summary_large_image","twitter_misc":{"Escrito por":"Abraham","Tiempo de lectura":"3 minutos"},"schema":{"@context":"https:\/\/schema.org","@graph":[{"@type":"Article","@id":"https:\/\/www.onetoonecf.com\/es\/bernar-de-la-hera-ma-en-el-sector-tic\/#article","isPartOf":{"@id":"https:\/\/www.onetoonecf.com\/es\/bernar-de-la-hera-ma-en-el-sector-tic\/"},"author":{"name":"Abraham","@id":"https:\/\/www.onetoonecf.com\/es\/#\/schema\/person\/dfdccf7eec9e6134b312c3325601c914"},"headline":"Bernar de la Hera: M&amp;A en el sector TIC","datePublished":"2018-02-15T10:01:06+00:00","dateModified":"2026-03-19T12:37:42+00:00","mainEntityOfPage":{"@id":"https:\/\/www.onetoonecf.com\/es\/bernar-de-la-hera-ma-en-el-sector-tic\/"},"wordCount":612,"commentCount":0,"image":{"@id":"https:\/\/www.onetoonecf.com\/es\/bernar-de-la-hera-ma-en-el-sector-tic\/#primaryimage"},"thumbnailUrl":"https:\/\/www.onetoonecf.com\/wp-content\/uploads\/sites\/16\/2018\/02\/onetoone-team-1.png","articleSection":["Sobre ONEtoONE"],"inLanguage":"es","potentialAction":[{"@type":"CommentAction","name":"Comment","target":["https:\/\/www.onetoonecf.com\/es\/bernar-de-la-hera-ma-en-el-sector-tic\/#respond"]}]},{"@type":"WebPage","@id":"https:\/\/www.onetoonecf.com\/es\/bernar-de-la-hera-ma-en-el-sector-tic\/","url":"https:\/\/www.onetoonecf.com\/es\/bernar-de-la-hera-ma-en-el-sector-tic\/","name":"Bernar de la Hera: M&amp;A en el sector TIC - ONEtoONE Corporate Finance","isPartOf":{"@id":"https:\/\/www.onetoonecf.com\/es\/#website"},"primaryImageOfPage":{"@id":"https:\/\/www.onetoonecf.com\/es\/bernar-de-la-hera-ma-en-el-sector-tic\/#primaryimage"},"image":{"@id":"https:\/\/www.onetoonecf.com\/es\/bernar-de-la-hera-ma-en-el-sector-tic\/#primaryimage"},"thumbnailUrl":"https:\/\/www.onetoonecf.com\/wp-content\/uploads\/sites\/16\/2018\/02\/onetoone-team-1.png","datePublished":"2018-02-15T10:01:06+00:00","dateModified":"2026-03-19T12:37:42+00:00","author":{"@id":"https:\/\/www.onetoonecf.com\/es\/#\/schema\/person\/dfdccf7eec9e6134b312c3325601c914"},"description":"El sector TIC en Espa\u00f1a est\u00e1 compuesto por compa\u00f1\u00edas relativamente peque\u00f1as y con poca capacidad financiera de abordar proceso complejos de inversi\u00f3n.","breadcrumb":{"@id":"https:\/\/www.onetoonecf.com\/es\/bernar-de-la-hera-ma-en-el-sector-tic\/#breadcrumb"},"inLanguage":"es","potentialAction":[{"@type":"ReadAction","target":["https:\/\/www.onetoonecf.com\/es\/bernar-de-la-hera-ma-en-el-sector-tic\/"]}]},{"@type":"ImageObject","inLanguage":"es","@id":"https:\/\/www.onetoonecf.com\/es\/bernar-de-la-hera-ma-en-el-sector-tic\/#primaryimage","url":"https:\/\/www.onetoonecf.com\/wp-content\/uploads\/sites\/16\/2018\/02\/onetoone-team-1.png","contentUrl":"https:\/\/www.onetoonecf.com\/wp-content\/uploads\/sites\/16\/2018\/02\/onetoone-team-1.png","width":750,"height":342},{"@type":"BreadcrumbList","@id":"https:\/\/www.onetoonecf.com\/es\/bernar-de-la-hera-ma-en-el-sector-tic\/#breadcrumb","itemListElement":[{"@type":"ListItem","position":1,"name":"Home","item":"https:\/\/www.onetoonecf.com\/es\/new-home-2025\/"},{"@type":"ListItem","position":2,"name":"Bernar de la Hera: M&amp;A en el sector TIC"}]},{"@type":"WebSite","@id":"https:\/\/www.onetoonecf.com\/es\/#website","url":"https:\/\/www.onetoonecf.com\/es\/","name":"ONEtoONE Corporate Finance","description":"","potentialAction":[{"@type":"SearchAction","target":{"@type":"EntryPoint","urlTemplate":"https:\/\/www.onetoonecf.com\/es\/?s={search_term_string}"},"query-input":{"@type":"PropertyValueSpecification","valueRequired":true,"valueName":"search_term_string"}}],"inLanguage":"es"},{"@type":"Person","@id":"https:\/\/www.onetoonecf.com\/es\/#\/schema\/person\/dfdccf7eec9e6134b312c3325601c914","name":"Abraham","image":{"@type":"ImageObject","inLanguage":"es","@id":"https:\/\/secure.gravatar.com\/avatar\/0b466caa50db826dacd52323d3d5fac6a15fa75ca28ec1ddcabc793422b39c7c?s=96&d=mm&r=g","url":"https:\/\/secure.gravatar.com\/avatar\/0b466caa50db826dacd52323d3d5fac6a15fa75ca28ec1ddcabc793422b39c7c?s=96&d=mm&r=g","contentUrl":"https:\/\/secure.gravatar.com\/avatar\/0b466caa50db826dacd52323d3d5fac6a15fa75ca28ec1ddcabc793422b39c7c?s=96&d=mm&r=g","caption":"Abraham"},"url":"https:\/\/www.onetoonecf.com\/es\/author\/abraham-garcia\/"}]}},"_links":{"self":[{"href":"https:\/\/www.onetoonecf.com\/es\/wp-json\/wp\/v2\/posts\/6077","targetHints":{"allow":["GET"]}}],"collection":[{"href":"https:\/\/www.onetoonecf.com\/es\/wp-json\/wp\/v2\/posts"}],"about":[{"href":"https:\/\/www.onetoonecf.com\/es\/wp-json\/wp\/v2\/types\/post"}],"author":[{"embeddable":true,"href":"https:\/\/www.onetoonecf.com\/es\/wp-json\/wp\/v2\/users\/17"}],"replies":[{"embeddable":true,"href":"https:\/\/www.onetoonecf.com\/es\/wp-json\/wp\/v2\/comments?post=6077"}],"version-history":[{"count":15,"href":"https:\/\/www.onetoonecf.com\/es\/wp-json\/wp\/v2\/posts\/6077\/revisions"}],"predecessor-version":[{"id":137242,"href":"https:\/\/www.onetoonecf.com\/es\/wp-json\/wp\/v2\/posts\/6077\/revisions\/137242"}],"wp:featuredmedia":[{"embeddable":true,"href":"https:\/\/www.onetoonecf.com\/es\/wp-json\/wp\/v2\/media\/33465"}],"wp:attachment":[{"href":"https:\/\/www.onetoonecf.com\/es\/wp-json\/wp\/v2\/media?parent=6077"}],"wp:term":[{"taxonomy":"category","embeddable":true,"href":"https:\/\/www.onetoonecf.com\/es\/wp-json\/wp\/v2\/categories?post=6077"},{"taxonomy":"post_tag","embeddable":true,"href":"https:\/\/www.onetoonecf.com\/es\/wp-json\/wp\/v2\/tags?post=6077"}],"curies":[{"name":"wp","href":"https:\/\/api.w.org\/{rel}","templated":true}]}}