{"id":6129,"date":"2018-03-01T12:09:03","date_gmt":"2018-03-01T11:09:03","guid":{"rendered":"http:\/\/ww3.onetoonecf.com\/en\/?p=6129"},"modified":"2026-03-19T15:40:38","modified_gmt":"2026-03-19T14:40:38","slug":"espanol-ma-en-colombia-segun-simon-restrepo-socio-de-onetoone","status":"publish","type":"post","link":"https:\/\/www.onetoonecf.com\/es\/espanol-ma-en-colombia-segun-simon-restrepo-socio-de-onetoone\/","title":{"rendered":"M&amp;A en Colombia seg\u00fan Sim\u00f3n Restrepo, socio de ONEtoONE"},"content":{"rendered":"\t\t<div data-elementor-type=\"wp-post\" data-elementor-id=\"6129\" class=\"elementor elementor-6129 elementor-6137\" data-elementor-post-type=\"post\">\n\t\t\t\t<div class=\"elementor-element elementor-element-c0fd07a e-flex e-con-boxed e-con e-parent\" data-id=\"c0fd07a\" data-element_type=\"container\" data-e-type=\"container\">\n\t\t\t\t\t<div class=\"e-con-inner\">\n\t\t\t\t<div class=\"elementor-element elementor-element-7822d7d elementor-widget elementor-widget-heading\" data-id=\"7822d7d\" data-element_type=\"widget\" data-e-type=\"widget\" data-widget_type=\"heading.default\">\n\t\t\t\t\t<h2 class=\"elementor-heading-title elementor-size-default\">Sim\u00f3n, un aut\u00e9ntico experto de M&amp;A<\/h2>\t\t\t\t<\/div>\n\t\t\t\t\t<\/div>\n\t\t\t\t<\/div>\n\t\t<div class=\"elementor-element elementor-element-0df0fdf e-flex e-con-boxed e-con e-parent\" data-id=\"0df0fdf\" data-element_type=\"container\" data-e-type=\"container\">\n\t\t\t\t\t<div class=\"e-con-inner\">\n\t\t\t\t<div class=\"elementor-element elementor-element-afef6c5 elementor-widget elementor-widget-text-editor\" data-id=\"afef6c5\" data-element_type=\"widget\" data-e-type=\"widget\" data-widget_type=\"text-editor.default\">\n\t\t\t\t\t\t\t\t\t<p>Mi vida profesional se inici\u00f3 trabajando en el sector real, en cargos relacionados con Administraci\u00f3n General y Finanzas. Durante alg\u00fan tiempo tambi\u00e9n tuve mi propio negocio de importaci\u00f3n y comercializaci\u00f3n de productos. Sin embargo, mi sue\u00f1o siempre fue trabajar en la bolsa o en el mundo de las fusiones y adquisiciones. Fue una pasi\u00f3n que se me despert\u00f3 mientras hac\u00eda mi maestr\u00eda en finanzas y estaba viviendo en Bogot\u00e1. Fue ah\u00ed cuando decid\u00ed iniciar mi propia firma de M&amp;A en Colombia y dedicarme tiempo parcial a la docencia. Durante los \u00faltimos a\u00f1os he participado como miembro externo de varios consejos de administraci\u00f3n donde he ganado una experiencia invaluable y desarrollado una exitosa carrera como asesor de fusiones y adquisiciones. En el a\u00f1o 2016 me asoci\u00e9 con ONEtoONE para darle un alcance mucho m\u00e1s internacional a mis transacciones.<\/p>\t\t\t\t\t\t\t\t<\/div>\n\t\t\t\t\t<\/div>\n\t\t\t\t<\/div>\n\t\t<div class=\"elementor-element elementor-element-3327b8e e-flex e-con-boxed e-con e-parent\" data-id=\"3327b8e\" data-element_type=\"container\" data-e-type=\"container\">\n\t\t\t\t\t<div class=\"e-con-inner\">\n\t\t\t\t<div class=\"elementor-element elementor-element-ad857ad elementor-widget elementor-widget-heading\" data-id=\"ad857ad\" data-element_type=\"widget\" data-e-type=\"widget\" data-widget_type=\"heading.default\">\n\t\t\t\t\t<h2 class=\"elementor-heading-title elementor-size-default\">La red global de ONEtoONE<\/h2>\t\t\t\t<\/div>\n\t\t\t\t\t<\/div>\n\t\t\t\t<\/div>\n\t\t<div class=\"elementor-element elementor-element-da1c4b4 e-flex e-con-boxed e-con e-parent\" data-id=\"da1c4b4\" data-element_type=\"container\" data-e-type=\"container\">\n\t\t\t\t\t<div class=\"e-con-inner\">\n\t\t\t\t<div class=\"elementor-element elementor-element-5de5b0a elementor-widget elementor-widget-text-editor\" data-id=\"5de5b0a\" data-element_type=\"widget\" data-e-type=\"widget\" data-widget_type=\"text-editor.default\">\n\t\t\t\t\t\t\t\t\t<p>Lo que m\u00e1s me gusta de trabajar con ONEtoONE es sentirme respaldado por mis Colegas y Socios internacionales y tener m\u00e1s de 100 profesionales s\u00faper especialistas en fusiones y adquisiciones en todo el mundo. Esto nos permite nutrirnos de la experiencia de expertos sectoriales y de su gran red de contactos. A nivel tecnol\u00f3gico, estoy convencido de que somos pioneros. Tenemos sistemas de informaci\u00f3n \u00fanicos para llevar los mandatos de una forma m\u00e1s organizada, eficiente y pr\u00e1ctica. El equipo de trabajo que nos acompa\u00f1a desde casa matriz tiene unas cualidades personales incre\u00edbles.<\/p>\t\t\t\t\t\t\t\t<\/div>\n\t\t\t\t\t<\/div>\n\t\t\t\t<\/div>\n\t\t<div class=\"elementor-element elementor-element-253ad70 e-flex e-con-boxed e-con e-parent\" data-id=\"253ad70\" data-element_type=\"container\" data-e-type=\"container\">\n\t\t\t\t\t<div class=\"e-con-inner\">\n\t\t\t\t<div class=\"elementor-element elementor-element-fc5c19e elementor-widget elementor-widget-image\" data-id=\"fc5c19e\" data-element_type=\"widget\" data-e-type=\"widget\" data-widget_type=\"image.default\">\n\t\t\t\t\t\t\t\t\t\t\t\t\t\t\t\t<a href=\"\/es\/compraventa-empresas-quien\/\">\n\t\t\t\t\t\t\t<img decoding=\"async\" src=\"https:\/\/www.onetoonecf.com\/wp-content\/uploads\/sites\/10\/2016\/10\/La-confidencialidad-en-el-mundo-de-la-compraventa-de-empresas-es-mucho-mas-que-guardar-un-secreto-1.png\" title=\"\" alt=\"\" loading=\"lazy\" \/>\t\t\t\t\t\t\t\t<\/a>\n\t\t\t\t\t\t\t\t\t\t\t\t\t\t\t<\/div>\n\t\t\t\t\t<\/div>\n\t\t\t\t<\/div>\n\t\t<div class=\"elementor-element elementor-element-b2b5bec e-flex e-con-boxed e-con e-parent\" data-id=\"b2b5bec\" data-element_type=\"container\" data-e-type=\"container\">\n\t\t\t\t\t<div class=\"e-con-inner\">\n\t\t\t\t<div class=\"elementor-element elementor-element-79e13cb elementor-widget elementor-widget-heading\" data-id=\"79e13cb\" data-element_type=\"widget\" data-e-type=\"widget\" data-widget_type=\"heading.default\">\n\t\t\t\t\t<h2 class=\"elementor-heading-title elementor-size-default\">M&amp;A en Colombia y los mandatos destacados<\/h2>\t\t\t\t<\/div>\n\t\t\t\t\t<\/div>\n\t\t\t\t<\/div>\n\t\t<div class=\"elementor-element elementor-element-66d312f e-flex e-con-boxed e-con e-parent\" data-id=\"66d312f\" data-element_type=\"container\" data-e-type=\"container\">\n\t\t\t\t\t<div class=\"e-con-inner\">\n\t\t\t\t<div class=\"elementor-element elementor-element-295f4d2 elementor-widget elementor-widget-text-editor\" data-id=\"295f4d2\" data-element_type=\"widget\" data-e-type=\"widget\" data-widget_type=\"text-editor.default\">\n\t\t\t\t\t\t\t\t\t<p>Mi base es Medell\u00edn donde tenemos nuestra sede, pero atendemos desde all\u00ed a todo el pa\u00eds, especialmente Bogot\u00e1. Yo personalmente desarrollo muchos proyectos en el sector de alimentos, pero tambi\u00e9n hay otros sectores que me gustan mucho, como tecnolog\u00edas de informaci\u00f3n y telecomunicaciones.\u00a0Actualmente estamos comprando dos empresas en M\u00e9xico en el sector de alimentos y estamos vendiendo una distribuidora de productos alimenticios naturales en Colombia. Adem\u00e1s estamos capitalizando una planta procesadora de carne (frigor\u00edfico o matadero) y negociando varios mandatos importantes para ser ejecutados en el pr\u00f3ximo a\u00f1o en sectores como telecomunicaciones, tecnolog\u00edas de informaci\u00f3n, distribuci\u00f3n y fabricaci\u00f3n. Todo el tiempo estamos valorando compa\u00f1\u00edas y es algo que nos apasiona. Colaboramos tambi\u00e9n mucho con colegas a nivel local e internacional que est\u00e1n ejecutando sus propios mandatos de M&amp;A.<\/p><p>Podr\u00eda interesarte:\u00a0<a href=\"https:\/\/www.onetoonecf.com\/es\/bernar-de-la-hera-ma-en-el-sector-tic\/\" target=\"_blank\" rel=\"noopener noreferrer\">Bernar De La Hera: M&amp;A en el sector TIC<\/a><\/p>\t\t\t\t\t\t\t\t<\/div>\n\t\t\t\t\t<\/div>\n\t\t\t\t<\/div>\n\t\t\t\t<\/div>\n\t\t","protected":false},"excerpt":{"rendered":"<p>Sim\u00f3n, un aut\u00e9ntico experto de M&amp;A Mi vida profesional se inici\u00f3 trabajando en el sector real, en cargos relacionados con Administraci\u00f3n General y Finanzas. Durante alg\u00fan tiempo tambi\u00e9n tuve mi propio negocio de importaci\u00f3n y comercializaci\u00f3n de productos. Sin embargo, mi sue\u00f1o siempre fue trabajar en la bolsa o en el mundo de las fusiones [&hellip;]<\/p>\n","protected":false},"author":17,"featured_media":33615,"comment_status":"open","ping_status":"open","sticky":false,"template":"elementor_theme","format":"standard","meta":{"_joinchat":[],"footnotes":""},"categories":[384],"tags":[],"class_list":["post-6129","post","type-post","status-publish","format-standard","has-post-thumbnail","hentry","category-sobre-onetoone"],"yoast_head":"<!-- This site is optimized with the Yoast SEO plugin v27.5 - https:\/\/yoast.com\/product\/yoast-seo-wordpress\/ -->\n<title>M&amp;A en Colombia seg\u00fan Sim\u00f3n Restrepo, socio de ONEtoONE - ONEtoONE Corporate Finance<\/title>\n<meta name=\"description\" content=\"Sim\u00f3n Restrepo Barth, socio de ONEtoONE, nos cuenta sobre el m&amp;a en Colombia y sus mandatos en uno de los paises mas destacados de la regi\u00f3n.\" \/>\n<meta name=\"robots\" content=\"index, follow, max-snippet:-1, max-image-preview:large, max-video-preview:-1\" \/>\n<link rel=\"canonical\" href=\"https:\/\/www.onetoonecf.com\/es\/espanol-ma-en-colombia-segun-simon-restrepo-socio-de-onetoone\/\" \/>\n<meta property=\"og:locale\" content=\"es_ES\" \/>\n<meta property=\"og:type\" content=\"article\" \/>\n<meta property=\"og:title\" content=\"M&amp;A en Colombia seg\u00fan Sim\u00f3n Restrepo, socio de ONEtoONE - ONEtoONE Corporate Finance\" \/>\n<meta property=\"og:description\" content=\"Sim\u00f3n Restrepo Barth, socio de ONEtoONE, nos cuenta sobre el m&amp;a en Colombia y sus mandatos en uno de los paises mas destacados de la regi\u00f3n.\" \/>\n<meta property=\"og:url\" content=\"https:\/\/www.onetoonecf.com\/es\/espanol-ma-en-colombia-segun-simon-restrepo-socio-de-onetoone\/\" \/>\n<meta property=\"og:site_name\" content=\"ONEtoONE Corporate Finance\" \/>\n<meta property=\"article:published_time\" content=\"2018-03-01T11:09:03+00:00\" \/>\n<meta property=\"article:modified_time\" content=\"2026-03-19T14:40:38+00:00\" \/>\n<meta property=\"og:image\" content=\"https:\/\/www.onetoonecf.com\/wp-content\/uploads\/sites\/16\/2018\/03\/Copy-of-Selling-Your-Company-Without-Leaving-It-Behind-4.png\" \/>\n\t<meta property=\"og:image:width\" content=\"750\" \/>\n\t<meta property=\"og:image:height\" content=\"342\" \/>\n\t<meta property=\"og:image:type\" content=\"image\/png\" \/>\n<meta name=\"author\" content=\"Abraham\" \/>\n<meta name=\"twitter:card\" content=\"summary_large_image\" \/>\n<meta name=\"twitter:label1\" content=\"Escrito por\" \/>\n\t<meta name=\"twitter:data1\" content=\"Abraham\" \/>\n\t<meta name=\"twitter:label2\" content=\"Tiempo de lectura\" \/>\n\t<meta name=\"twitter:data2\" content=\"2 minutos\" \/>\n<script type=\"application\/ld+json\" class=\"yoast-schema-graph\">{\"@context\":\"https:\\\/\\\/schema.org\",\"@graph\":[{\"@type\":\"Article\",\"@id\":\"https:\\\/\\\/www.onetoonecf.com\\\/es\\\/espanol-ma-en-colombia-segun-simon-restrepo-socio-de-onetoone\\\/#article\",\"isPartOf\":{\"@id\":\"https:\\\/\\\/www.onetoonecf.com\\\/es\\\/espanol-ma-en-colombia-segun-simon-restrepo-socio-de-onetoone\\\/\"},\"author\":{\"name\":\"Abraham\",\"@id\":\"https:\\\/\\\/www.onetoonecf.com\\\/es\\\/#\\\/schema\\\/person\\\/dfdccf7eec9e6134b312c3325601c914\"},\"headline\":\"M&amp;A en Colombia seg\u00fan Sim\u00f3n Restrepo, socio de ONEtoONE\",\"datePublished\":\"2018-03-01T11:09:03+00:00\",\"dateModified\":\"2026-03-19T14:40:38+00:00\",\"mainEntityOfPage\":{\"@id\":\"https:\\\/\\\/www.onetoonecf.com\\\/es\\\/espanol-ma-en-colombia-segun-simon-restrepo-socio-de-onetoone\\\/\"},\"wordCount\":450,\"commentCount\":0,\"image\":{\"@id\":\"https:\\\/\\\/www.onetoonecf.com\\\/es\\\/espanol-ma-en-colombia-segun-simon-restrepo-socio-de-onetoone\\\/#primaryimage\"},\"thumbnailUrl\":\"https:\\\/\\\/www.onetoonecf.com\\\/wp-content\\\/uploads\\\/sites\\\/16\\\/2018\\\/03\\\/Copy-of-Selling-Your-Company-Without-Leaving-It-Behind-4.png\",\"articleSection\":[\"Sobre ONEtoONE\"],\"inLanguage\":\"es\",\"potentialAction\":[{\"@type\":\"CommentAction\",\"name\":\"Comment\",\"target\":[\"https:\\\/\\\/www.onetoonecf.com\\\/es\\\/espanol-ma-en-colombia-segun-simon-restrepo-socio-de-onetoone\\\/#respond\"]}]},{\"@type\":\"WebPage\",\"@id\":\"https:\\\/\\\/www.onetoonecf.com\\\/es\\\/espanol-ma-en-colombia-segun-simon-restrepo-socio-de-onetoone\\\/\",\"url\":\"https:\\\/\\\/www.onetoonecf.com\\\/es\\\/espanol-ma-en-colombia-segun-simon-restrepo-socio-de-onetoone\\\/\",\"name\":\"M&amp;A en Colombia seg\u00fan Sim\u00f3n Restrepo, socio de ONEtoONE - ONEtoONE Corporate Finance\",\"isPartOf\":{\"@id\":\"https:\\\/\\\/www.onetoonecf.com\\\/es\\\/#website\"},\"primaryImageOfPage\":{\"@id\":\"https:\\\/\\\/www.onetoonecf.com\\\/es\\\/espanol-ma-en-colombia-segun-simon-restrepo-socio-de-onetoone\\\/#primaryimage\"},\"image\":{\"@id\":\"https:\\\/\\\/www.onetoonecf.com\\\/es\\\/espanol-ma-en-colombia-segun-simon-restrepo-socio-de-onetoone\\\/#primaryimage\"},\"thumbnailUrl\":\"https:\\\/\\\/www.onetoonecf.com\\\/wp-content\\\/uploads\\\/sites\\\/16\\\/2018\\\/03\\\/Copy-of-Selling-Your-Company-Without-Leaving-It-Behind-4.png\",\"datePublished\":\"2018-03-01T11:09:03+00:00\",\"dateModified\":\"2026-03-19T14:40:38+00:00\",\"author\":{\"@id\":\"https:\\\/\\\/www.onetoonecf.com\\\/es\\\/#\\\/schema\\\/person\\\/dfdccf7eec9e6134b312c3325601c914\"},\"description\":\"Sim\u00f3n Restrepo Barth, socio de ONEtoONE, nos cuenta sobre el m&a en Colombia y sus mandatos en uno de los paises mas destacados de la regi\u00f3n.\",\"breadcrumb\":{\"@id\":\"https:\\\/\\\/www.onetoonecf.com\\\/es\\\/espanol-ma-en-colombia-segun-simon-restrepo-socio-de-onetoone\\\/#breadcrumb\"},\"inLanguage\":\"es\",\"potentialAction\":[{\"@type\":\"ReadAction\",\"target\":[\"https:\\\/\\\/www.onetoonecf.com\\\/es\\\/espanol-ma-en-colombia-segun-simon-restrepo-socio-de-onetoone\\\/\"]}]},{\"@type\":\"ImageObject\",\"inLanguage\":\"es\",\"@id\":\"https:\\\/\\\/www.onetoonecf.com\\\/es\\\/espanol-ma-en-colombia-segun-simon-restrepo-socio-de-onetoone\\\/#primaryimage\",\"url\":\"https:\\\/\\\/www.onetoonecf.com\\\/wp-content\\\/uploads\\\/sites\\\/16\\\/2018\\\/03\\\/Copy-of-Selling-Your-Company-Without-Leaving-It-Behind-4.png\",\"contentUrl\":\"https:\\\/\\\/www.onetoonecf.com\\\/wp-content\\\/uploads\\\/sites\\\/16\\\/2018\\\/03\\\/Copy-of-Selling-Your-Company-Without-Leaving-It-Behind-4.png\",\"width\":750,\"height\":342},{\"@type\":\"BreadcrumbList\",\"@id\":\"https:\\\/\\\/www.onetoonecf.com\\\/es\\\/espanol-ma-en-colombia-segun-simon-restrepo-socio-de-onetoone\\\/#breadcrumb\",\"itemListElement\":[{\"@type\":\"ListItem\",\"position\":1,\"name\":\"Home\",\"item\":\"https:\\\/\\\/www.onetoonecf.com\\\/es\\\/new-home-2025\\\/\"},{\"@type\":\"ListItem\",\"position\":2,\"name\":\"M&amp;A en Colombia seg\u00fan Sim\u00f3n Restrepo, socio de ONEtoONE\"}]},{\"@type\":\"WebSite\",\"@id\":\"https:\\\/\\\/www.onetoonecf.com\\\/es\\\/#website\",\"url\":\"https:\\\/\\\/www.onetoonecf.com\\\/es\\\/\",\"name\":\"ONEtoONE Corporate Finance\",\"description\":\"\",\"potentialAction\":[{\"@type\":\"SearchAction\",\"target\":{\"@type\":\"EntryPoint\",\"urlTemplate\":\"https:\\\/\\\/www.onetoonecf.com\\\/es\\\/?s={search_term_string}\"},\"query-input\":{\"@type\":\"PropertyValueSpecification\",\"valueRequired\":true,\"valueName\":\"search_term_string\"}}],\"inLanguage\":\"es\"},{\"@type\":\"Person\",\"@id\":\"https:\\\/\\\/www.onetoonecf.com\\\/es\\\/#\\\/schema\\\/person\\\/dfdccf7eec9e6134b312c3325601c914\",\"name\":\"Abraham\",\"image\":{\"@type\":\"ImageObject\",\"inLanguage\":\"es\",\"@id\":\"https:\\\/\\\/secure.gravatar.com\\\/avatar\\\/0b466caa50db826dacd52323d3d5fac6a15fa75ca28ec1ddcabc793422b39c7c?s=96&d=mm&r=g\",\"url\":\"https:\\\/\\\/secure.gravatar.com\\\/avatar\\\/0b466caa50db826dacd52323d3d5fac6a15fa75ca28ec1ddcabc793422b39c7c?s=96&d=mm&r=g\",\"contentUrl\":\"https:\\\/\\\/secure.gravatar.com\\\/avatar\\\/0b466caa50db826dacd52323d3d5fac6a15fa75ca28ec1ddcabc793422b39c7c?s=96&d=mm&r=g\",\"caption\":\"Abraham\"},\"url\":\"https:\\\/\\\/www.onetoonecf.com\\\/es\\\/author\\\/abraham-garcia\\\/\"}]}<\/script>\n<!-- \/ Yoast SEO plugin. -->","yoast_head_json":{"title":"M&amp;A en Colombia seg\u00fan Sim\u00f3n Restrepo, socio de ONEtoONE - ONEtoONE Corporate Finance","description":"Sim\u00f3n Restrepo Barth, socio de ONEtoONE, nos cuenta sobre el m&a en Colombia y sus mandatos en uno de los paises mas destacados de la regi\u00f3n.","robots":{"index":"index","follow":"follow","max-snippet":"max-snippet:-1","max-image-preview":"max-image-preview:large","max-video-preview":"max-video-preview:-1"},"canonical":"https:\/\/www.onetoonecf.com\/es\/espanol-ma-en-colombia-segun-simon-restrepo-socio-de-onetoone\/","og_locale":"es_ES","og_type":"article","og_title":"M&amp;A en Colombia seg\u00fan Sim\u00f3n Restrepo, socio de ONEtoONE - ONEtoONE Corporate Finance","og_description":"Sim\u00f3n Restrepo Barth, socio de ONEtoONE, nos cuenta sobre el m&a en Colombia y sus mandatos en uno de los paises mas destacados de la regi\u00f3n.","og_url":"https:\/\/www.onetoonecf.com\/es\/espanol-ma-en-colombia-segun-simon-restrepo-socio-de-onetoone\/","og_site_name":"ONEtoONE Corporate Finance","article_published_time":"2018-03-01T11:09:03+00:00","article_modified_time":"2026-03-19T14:40:38+00:00","og_image":[{"width":750,"height":342,"url":"https:\/\/www.onetoonecf.com\/wp-content\/uploads\/sites\/16\/2018\/03\/Copy-of-Selling-Your-Company-Without-Leaving-It-Behind-4.png","type":"image\/png"}],"author":"Abraham","twitter_card":"summary_large_image","twitter_misc":{"Escrito por":"Abraham","Tiempo de lectura":"2 minutos"},"schema":{"@context":"https:\/\/schema.org","@graph":[{"@type":"Article","@id":"https:\/\/www.onetoonecf.com\/es\/espanol-ma-en-colombia-segun-simon-restrepo-socio-de-onetoone\/#article","isPartOf":{"@id":"https:\/\/www.onetoonecf.com\/es\/espanol-ma-en-colombia-segun-simon-restrepo-socio-de-onetoone\/"},"author":{"name":"Abraham","@id":"https:\/\/www.onetoonecf.com\/es\/#\/schema\/person\/dfdccf7eec9e6134b312c3325601c914"},"headline":"M&amp;A en Colombia seg\u00fan Sim\u00f3n Restrepo, socio de ONEtoONE","datePublished":"2018-03-01T11:09:03+00:00","dateModified":"2026-03-19T14:40:38+00:00","mainEntityOfPage":{"@id":"https:\/\/www.onetoonecf.com\/es\/espanol-ma-en-colombia-segun-simon-restrepo-socio-de-onetoone\/"},"wordCount":450,"commentCount":0,"image":{"@id":"https:\/\/www.onetoonecf.com\/es\/espanol-ma-en-colombia-segun-simon-restrepo-socio-de-onetoone\/#primaryimage"},"thumbnailUrl":"https:\/\/www.onetoonecf.com\/wp-content\/uploads\/sites\/16\/2018\/03\/Copy-of-Selling-Your-Company-Without-Leaving-It-Behind-4.png","articleSection":["Sobre ONEtoONE"],"inLanguage":"es","potentialAction":[{"@type":"CommentAction","name":"Comment","target":["https:\/\/www.onetoonecf.com\/es\/espanol-ma-en-colombia-segun-simon-restrepo-socio-de-onetoone\/#respond"]}]},{"@type":"WebPage","@id":"https:\/\/www.onetoonecf.com\/es\/espanol-ma-en-colombia-segun-simon-restrepo-socio-de-onetoone\/","url":"https:\/\/www.onetoonecf.com\/es\/espanol-ma-en-colombia-segun-simon-restrepo-socio-de-onetoone\/","name":"M&amp;A en Colombia seg\u00fan Sim\u00f3n Restrepo, socio de ONEtoONE - ONEtoONE Corporate Finance","isPartOf":{"@id":"https:\/\/www.onetoonecf.com\/es\/#website"},"primaryImageOfPage":{"@id":"https:\/\/www.onetoonecf.com\/es\/espanol-ma-en-colombia-segun-simon-restrepo-socio-de-onetoone\/#primaryimage"},"image":{"@id":"https:\/\/www.onetoonecf.com\/es\/espanol-ma-en-colombia-segun-simon-restrepo-socio-de-onetoone\/#primaryimage"},"thumbnailUrl":"https:\/\/www.onetoonecf.com\/wp-content\/uploads\/sites\/16\/2018\/03\/Copy-of-Selling-Your-Company-Without-Leaving-It-Behind-4.png","datePublished":"2018-03-01T11:09:03+00:00","dateModified":"2026-03-19T14:40:38+00:00","author":{"@id":"https:\/\/www.onetoonecf.com\/es\/#\/schema\/person\/dfdccf7eec9e6134b312c3325601c914"},"description":"Sim\u00f3n Restrepo Barth, socio de ONEtoONE, nos cuenta sobre el m&a en Colombia y sus mandatos en uno de los paises mas destacados de la regi\u00f3n.","breadcrumb":{"@id":"https:\/\/www.onetoonecf.com\/es\/espanol-ma-en-colombia-segun-simon-restrepo-socio-de-onetoone\/#breadcrumb"},"inLanguage":"es","potentialAction":[{"@type":"ReadAction","target":["https:\/\/www.onetoonecf.com\/es\/espanol-ma-en-colombia-segun-simon-restrepo-socio-de-onetoone\/"]}]},{"@type":"ImageObject","inLanguage":"es","@id":"https:\/\/www.onetoonecf.com\/es\/espanol-ma-en-colombia-segun-simon-restrepo-socio-de-onetoone\/#primaryimage","url":"https:\/\/www.onetoonecf.com\/wp-content\/uploads\/sites\/16\/2018\/03\/Copy-of-Selling-Your-Company-Without-Leaving-It-Behind-4.png","contentUrl":"https:\/\/www.onetoonecf.com\/wp-content\/uploads\/sites\/16\/2018\/03\/Copy-of-Selling-Your-Company-Without-Leaving-It-Behind-4.png","width":750,"height":342},{"@type":"BreadcrumbList","@id":"https:\/\/www.onetoonecf.com\/es\/espanol-ma-en-colombia-segun-simon-restrepo-socio-de-onetoone\/#breadcrumb","itemListElement":[{"@type":"ListItem","position":1,"name":"Home","item":"https:\/\/www.onetoonecf.com\/es\/new-home-2025\/"},{"@type":"ListItem","position":2,"name":"M&amp;A en Colombia seg\u00fan Sim\u00f3n Restrepo, socio de ONEtoONE"}]},{"@type":"WebSite","@id":"https:\/\/www.onetoonecf.com\/es\/#website","url":"https:\/\/www.onetoonecf.com\/es\/","name":"ONEtoONE Corporate Finance","description":"","potentialAction":[{"@type":"SearchAction","target":{"@type":"EntryPoint","urlTemplate":"https:\/\/www.onetoonecf.com\/es\/?s={search_term_string}"},"query-input":{"@type":"PropertyValueSpecification","valueRequired":true,"valueName":"search_term_string"}}],"inLanguage":"es"},{"@type":"Person","@id":"https:\/\/www.onetoonecf.com\/es\/#\/schema\/person\/dfdccf7eec9e6134b312c3325601c914","name":"Abraham","image":{"@type":"ImageObject","inLanguage":"es","@id":"https:\/\/secure.gravatar.com\/avatar\/0b466caa50db826dacd52323d3d5fac6a15fa75ca28ec1ddcabc793422b39c7c?s=96&d=mm&r=g","url":"https:\/\/secure.gravatar.com\/avatar\/0b466caa50db826dacd52323d3d5fac6a15fa75ca28ec1ddcabc793422b39c7c?s=96&d=mm&r=g","contentUrl":"https:\/\/secure.gravatar.com\/avatar\/0b466caa50db826dacd52323d3d5fac6a15fa75ca28ec1ddcabc793422b39c7c?s=96&d=mm&r=g","caption":"Abraham"},"url":"https:\/\/www.onetoonecf.com\/es\/author\/abraham-garcia\/"}]}},"_links":{"self":[{"href":"https:\/\/www.onetoonecf.com\/es\/wp-json\/wp\/v2\/posts\/6129","targetHints":{"allow":["GET"]}}],"collection":[{"href":"https:\/\/www.onetoonecf.com\/es\/wp-json\/wp\/v2\/posts"}],"about":[{"href":"https:\/\/www.onetoonecf.com\/es\/wp-json\/wp\/v2\/types\/post"}],"author":[{"embeddable":true,"href":"https:\/\/www.onetoonecf.com\/es\/wp-json\/wp\/v2\/users\/17"}],"replies":[{"embeddable":true,"href":"https:\/\/www.onetoonecf.com\/es\/wp-json\/wp\/v2\/comments?post=6129"}],"version-history":[{"count":17,"href":"https:\/\/www.onetoonecf.com\/es\/wp-json\/wp\/v2\/posts\/6129\/revisions"}],"predecessor-version":[{"id":137290,"href":"https:\/\/www.onetoonecf.com\/es\/wp-json\/wp\/v2\/posts\/6129\/revisions\/137290"}],"wp:featuredmedia":[{"embeddable":true,"href":"https:\/\/www.onetoonecf.com\/es\/wp-json\/wp\/v2\/media\/33615"}],"wp:attachment":[{"href":"https:\/\/www.onetoonecf.com\/es\/wp-json\/wp\/v2\/media?parent=6129"}],"wp:term":[{"taxonomy":"category","embeddable":true,"href":"https:\/\/www.onetoonecf.com\/es\/wp-json\/wp\/v2\/categories?post=6129"},{"taxonomy":"post_tag","embeddable":true,"href":"https:\/\/www.onetoonecf.com\/es\/wp-json\/wp\/v2\/tags?post=6129"}],"curies":[{"name":"wp","href":"https:\/\/api.w.org\/{rel}","templated":true}]}}